{"id":35201,"date":"2019-05-18T14:40:20","date_gmt":"2019-05-18T18:40:20","guid":{"rendered":"https:\/\/linitiative.ca\/International\/celebration-du-14e-anniversaire-du-lancement-de-lindh-inauguration-de-plusieurs-projets\/"},"modified":"2019-05-18T14:40:20","modified_gmt":"2019-05-18T18:40:20","slug":"celebration-du-14e-anniversaire-du-lancement-de-lindh-inauguration-de-plusieurs-projets","status":"publish","type":"post","link":"https:\/\/linitiative.ca\/International\/celebration-du-14e-anniversaire-du-lancement-de-lindh-inauguration-de-plusieurs-projets\/","title":{"rendered":"C\u00e9l\u00e9bration du 14\u00e8 anniversaire du lancement de l\u2019INDH : Inauguration de plusieurs projets"},"content":{"rendered":"<div readability=\"39\">\n<p>Marrakech \u2013 Plusieurs projets \u00e0 caract\u00e8re social, culturel et sportif ont \u00e9t\u00e9 inaugur\u00e9s samedi, au niveau de la pr\u00e9fecture de Marrakech, dans le cadre de la c\u00e9l\u00e9bration du 14\u00e8 anniversaire de l\u2019Initiative nationale pour le d\u00e9veloppement humain (INDH), un chantier lanc\u00e9 par SM le Roi Mohammed VI le 18 mai 2005.<\/p>\n<\/div>\n<div readability=\"82\">\n<p>Ces projets, inaugur\u00e9s en pr\u00e9sence notamment du wali de la r\u00e9gion Marrakech-Safi, gouverneur de la pr\u00e9fecture de Marrakech, Karim Kassi-Lahlou, et du pr\u00e9sident du Conseil communal de Marrakech, Mohamed Larbi Belcaid, des \u00e9lus locaux, concernent en particulier la biblioth\u00e8que Ennakhil et le parc sportif Al Izdihar.<\/p>\n<p>Etendu sur une superficie de 28.000 m2, le parc sportif Al Izdihar a \u00e9t\u00e9 r\u00e9alis\u00e9 pour un co\u00fbt estim\u00e9 \u00e0 20,988 millions de DH (MDH) financ\u00e9s par le Conseil de la commune urbaine de Marrakech \u00e0 hauteur de 7,264 MDH, dont 5,224 MDH pour la construction et l\u2019\u00e9quipement et la Wilaya de la r\u00e9gion de Marrakech\/INDH (8,5 MDH).<\/p>\n<p>Cette importante infrastructure sportive et de loisir comprend notamment 03 terrains dot\u00e9s de gazons synth\u00e9tiques, 02 terrains omnisports, un espace d\u2019halt\u00e9rophilie en plein air, un air pour la pratique de la p\u00e9tanque, des espaces de jeux d\u2019enfants, un espace pour la pratique des jeux d\u2019\u00e9checs, un parc de promenade pour les familles et des jardins andalous.<\/p>\n<p>La gestion de ce parc a \u00e9t\u00e9 octroy\u00e9e au Conseil d\u2019arrondissement de Gu\u00e9liz alors que la Direction r\u00e9gionale de la jeunesse et des sports assurera le suivi et l\u2019\u00e9valuation.<\/p>\n<p>La biblioth\u00e8que Ennakhil comprend de son c\u00f4t\u00e9, une salle multifonctions, un espace d\u00e9di\u00e9 aux petits enfants, un espace d\u00e9di\u00e9 \u00e0 l\u2019enfant, un autre d\u00e9di\u00e9 aux adultes et une salle d\u2019exposition.<\/p>\n<p>Par la m\u00eame occasion, M. Kassi-Lahlou a effectu\u00e9 une visite \u00e0 une coop\u00e9rative f\u00e9minine sp\u00e9cialis\u00e9e dans l\u2019\u00e9levage ovin dans la commune rurale Ouled Dlim ayant b\u00e9n\u00e9fici\u00e9 du soutien de l\u2019INDH dans le cadre de l\u2019adoption d\u2019une nouvelle g\u00e9n\u00e9ration d\u2019activit\u00e9s g\u00e9n\u00e9ratrices de revenus et cr\u00e9atrices d\u2019emploi ainsi qu\u2019\u00e0 une unit\u00e9 d\u2019enseignement pr\u00e9scolaire dans la commune Mnabha \u00e9tant donn\u00e9 que l\u2019enseignement pr\u00e9scolaire repr\u00e9sente un axe central parmi les programmes de la troisi\u00e8me phase de l\u2019INDH 2019-2023 et en harmonie avec le th\u00e8me choisi pour la c\u00e9l\u00e9bration du 14\u00e8 anniversaire du lancement de l\u2019INDH \u00ab\u00a0L\u2019enseignement pr\u00e9scolaire, levier essentiel d\u2019un d\u00e9veloppement \u00e9quilibr\u00e9 et la cl\u00e9 de vo\u00fbte de la r\u00e9habilitation du capital humain\u00a0\u00bb.<\/p>\n<\/div>\n<p>Auteur: Meriem IGASS<br \/>\n<a href=\"http:\/\/www.mapmarrakech.ma\/fr\/celebration-du-14e-anniversaire-du-lancement-de-lindh-inauguration-de-plusieurs-projets\/\">Cliquez ici pour lire l&rsquo;article depuis sa source.<\/a><\/p>\n","protected":false},"excerpt":{"rendered":"<p>Marrakech \u2013 Plusieurs projets \u00e0 caract\u00e8re social, culturel et sportif ont \u00e9t\u00e9 inaugur\u00e9s samedi, au niveau de la pr\u00e9fecture de Marrakech, dans le cadre de la c\u00e9l\u00e9bration du 14\u00e8 anniversaire de l\u2019Initiative nationale pour le d\u00e9veloppement humain (INDH), un chantier lanc\u00e9 par SM le Roi Mohammed VI le 18 mai 2005. Ces projets, inaugur\u00e9s en [&hellip;]<\/p>\n","protected":false},"author":1788,"featured_media":0,"comment_status":"closed","ping_status":"closed","sticky":false,"template":"","format":"standard","meta":{"fifu_image_url":"","fifu_image_alt":"","footnotes":""},"categories":[54,76],"tags":[],"class_list":["post-35201","post","type-post","status-publish","format-standard","hentry","category-maroc","category-regions"],"_links":{"self":[{"href":"https:\/\/linitiative.ca\/International\/wp-json\/wp\/v2\/posts\/35201","targetHints":{"allow":["GET"]}}],"collection":[{"href":"https:\/\/linitiative.ca\/International\/wp-json\/wp\/v2\/posts"}],"about":[{"href":"https:\/\/linitiative.ca\/International\/wp-json\/wp\/v2\/types\/post"}],"author":[{"embeddable":true,"href":"https:\/\/linitiative.ca\/International\/wp-json\/wp\/v2\/users\/1788"}],"replies":[{"embeddable":true,"href":"https:\/\/linitiative.ca\/International\/wp-json\/wp\/v2\/comments?post=35201"}],"version-history":[{"count":0,"href":"https:\/\/linitiative.ca\/International\/wp-json\/wp\/v2\/posts\/35201\/revisions"}],"wp:attachment":[{"href":"https:\/\/linitiative.ca\/International\/wp-json\/wp\/v2\/media?parent=35201"}],"wp:term":[{"taxonomy":"category","embeddable":true,"href":"https:\/\/linitiative.ca\/International\/wp-json\/wp\/v2\/categories?post=35201"},{"taxonomy":"post_tag","embeddable":true,"href":"https:\/\/linitiative.ca\/International\/wp-json\/wp\/v2\/tags?post=35201"}],"curies":[{"name":"wp","href":"https:\/\/api.w.org\/{rel}","templated":true}]}}