{"id":35202,"date":"2019-05-18T14:44:53","date_gmt":"2019-05-18T18:44:53","guid":{"rendered":"https:\/\/linitiative.ca\/International\/parution-du-1er-numero-du-bulletin-du-patrimoine-de-marrakech-et-de-sa-region\/"},"modified":"2019-05-18T14:44:53","modified_gmt":"2019-05-18T18:44:53","slug":"parution-du-1er-numero-du-bulletin-du-patrimoine-de-marrakech-et-de-sa-region","status":"publish","type":"post","link":"https:\/\/linitiative.ca\/International\/parution-du-1er-numero-du-bulletin-du-patrimoine-de-marrakech-et-de-sa-region\/","title":{"rendered":"Parution du 1er num\u00e9ro du \u00ab\u00a0Bulletin du patrimoine de Marrakech et de sa r\u00e9gion\u00a0\u00bb"},"content":{"rendered":"<div readability=\"38\">\n<p>Marrakech \u2013 Une nouvelle revue sp\u00e9cialis\u00e9e dans le patrimoine de la r\u00e9gion de Marrakech-Safi, baptis\u00e9e \u00ab\u00a0Bulletin du patrimoine de Marrakech et de sa r\u00e9gion\u00a0\u00bb, vient de para\u00eetre, avec pour mission de jeter la lumi\u00e8re sur les diff\u00e9rents aspects du patrimoine de la r\u00e9gion et de mettre en avant sa valeur historique.<\/p>\n<\/div>\n<div readability=\"83\">\n<p>Le premier num\u00e9ro de ce Bulletin, fond\u00e9 par les auteurs Jaafar Kansoussi et Patrick Manac\u2019h, comprend une multitude de documents et de manuscrits \u00e0 grande valeur historique, publi\u00e9s pour la premi\u00e8re fois sous leur forme originale.<\/p>\n<p>Dans une d\u00e9claration \u00e0 la MAP, M. Kansoussi a indiqu\u00e9 que ce projet, le premier du genre qui s\u2019int\u00e9resse au patrimoine de la r\u00e9gion de Marrakech-Safi, est le fruit de la contribution d\u2019une pl\u00e9iade de chercheurs, d\u2019experts, d\u2019auteurs et d\u2019architectes, ajoutant que cette initiative veillera \u00e0 assurer l\u2019accompagnement des projets de restauration que connaissent plusieurs quartiers de la m\u00e9dina.<\/p>\n<p>Cette nouvelle publication vise aussi \u00e0 mettre en lumi\u00e8re les multiples caract\u00e9ristiques et facettes urbanistiques sp\u00e9cifiques \u00e0 chaque partie du territoire de la cit\u00e9 ocre, en se basant notamment sur des donn\u00e9es historiques, a-t-il dit, notant que ce premier num\u00e9ro a \u00e9t\u00e9 consacr\u00e9 au quartier historique d\u2019Ibn Yusuf.<\/p>\n<p>Et de relever que l\u2019int\u00e9r\u00eat accord\u00e9 par ledit magazine \u00e0 la r\u00e9gion s\u2019explique par le fait que la ville de Marrakech a \u00e9t\u00e9, tout au long de son histoire, intimement li\u00e9e \u00e0 ce triangle reliant la r\u00e9gion de Tinmel, \u00e0 Aghmat et Marrakech, sans oublier pour autant les r\u00e9gions d\u2019Al Haouz et de Rhamna, ainsi que les c\u00f4tes de Safi et d\u2019Essaouira, pr\u00e9cisant que les prochains num\u00e9ros seront d\u00e9di\u00e9s \u00e0 ces provinces.<\/p>\n<p>Outre un plan exhaustif du quartier d\u2019Ibn Yusuf refl\u00e9tant la richesse et la diversit\u00e9 des composantes de la structure urbanistique de l\u2019\u00e9poque, le premier num\u00e9ro de ce Bulletin est marqu\u00e9 par la publication, pour la premi\u00e8re fois, d\u2019une s\u00e9rie de documents et manuscrits in\u00e9dits issus de la biblioth\u00e8que d\u2019Ibn Yusuf, et la pr\u00e9sentation de deux exp\u00e9riences pionni\u00e8res en mati\u00e8re de restauration : celles du minbar de la mosqu\u00e9e Mouwassin, unique du genre, et du Foundouk Azziyat.<\/p>\n<p>Une multitude d\u2019articles meublent les autres pages de ce num\u00e9ro, avec un focus sur les monuments et sites historiques de la cit\u00e9 ocre ainsi que sur les circuits culturels et spirituels au niveau de la r\u00e9gion Marrakech-Safi.<\/p>\n<\/div>\n<p>Auteur: Meriem IGASS<br \/>\n<a href=\"http:\/\/www.mapmarrakech.ma\/fr\/parution-du-1er-numero-du-bulletin-du-patrimoine-de-marrakech-et-de-sa-region\/\">Cliquez ici pour lire l&rsquo;article depuis sa source.<\/a><\/p>\n","protected":false},"excerpt":{"rendered":"<p>Marrakech \u2013 Une nouvelle revue sp\u00e9cialis\u00e9e dans le patrimoine de la r\u00e9gion de Marrakech-Safi, baptis\u00e9e \u00ab\u00a0Bulletin du patrimoine de Marrakech et de sa r\u00e9gion\u00a0\u00bb, vient de para\u00eetre, avec pour mission de jeter la lumi\u00e8re sur les diff\u00e9rents aspects du patrimoine de la r\u00e9gion et de mettre en avant sa valeur historique. Le premier num\u00e9ro de [&hellip;]<\/p>\n","protected":false},"author":1788,"featured_media":0,"comment_status":"closed","ping_status":"closed","sticky":false,"template":"","format":"standard","meta":{"fifu_image_url":"","fifu_image_alt":"","footnotes":""},"categories":[54,76],"tags":[],"class_list":["post-35202","post","type-post","status-publish","format-standard","hentry","category-maroc","category-regions"],"_links":{"self":[{"href":"https:\/\/linitiative.ca\/International\/wp-json\/wp\/v2\/posts\/35202","targetHints":{"allow":["GET"]}}],"collection":[{"href":"https:\/\/linitiative.ca\/International\/wp-json\/wp\/v2\/posts"}],"about":[{"href":"https:\/\/linitiative.ca\/International\/wp-json\/wp\/v2\/types\/post"}],"author":[{"embeddable":true,"href":"https:\/\/linitiative.ca\/International\/wp-json\/wp\/v2\/users\/1788"}],"replies":[{"embeddable":true,"href":"https:\/\/linitiative.ca\/International\/wp-json\/wp\/v2\/comments?post=35202"}],"version-history":[{"count":0,"href":"https:\/\/linitiative.ca\/International\/wp-json\/wp\/v2\/posts\/35202\/revisions"}],"wp:attachment":[{"href":"https:\/\/linitiative.ca\/International\/wp-json\/wp\/v2\/media?parent=35202"}],"wp:term":[{"taxonomy":"category","embeddable":true,"href":"https:\/\/linitiative.ca\/International\/wp-json\/wp\/v2\/categories?post=35202"},{"taxonomy":"post_tag","embeddable":true,"href":"https:\/\/linitiative.ca\/International\/wp-json\/wp\/v2\/tags?post=35202"}],"curies":[{"name":"wp","href":"https:\/\/api.w.org\/{rel}","templated":true}]}}