{"id":35203,"date":"2019-05-18T20:58:58","date_gmt":"2019-05-19T00:58:58","guid":{"rendered":"https:\/\/linitiative.ca\/International\/la-journee-mondiale-des-musees-richement-celebree-a-essaouira\/"},"modified":"2019-05-18T20:58:58","modified_gmt":"2019-05-19T00:58:58","slug":"la-journee-mondiale-des-musees-richement-celebree-a-essaouira","status":"publish","type":"post","link":"https:\/\/linitiative.ca\/International\/la-journee-mondiale-des-musees-richement-celebree-a-essaouira\/","title":{"rendered":"La Journ\u00e9e mondiale des mus\u00e9es richement c\u00e9l\u00e9br\u00e9e \u00e0 Essaouira"},"content":{"rendered":"<p>La c\u00e9l\u00e9bration de cette journ\u00e9e s\u2019inscrit dans le cadre de la strat\u00e9gie du minist\u00e8re de la Culture visant la valorisation et la promotion du patrimoine national, tout en le faisant connaitre davantage et \u00e0 plus grande \u00e9chelle.<\/p>\n<p>Dans ce cadre, la Direction provinciale de la Culture \u00e0 Essaouira a organis\u00e9 au niveau du Mus\u00e9e Sidi Mohammed Ben Abdellah, une s\u00e9rie d\u2019activit\u00e9s sous le th\u00e8me \u00a0\u00bble mus\u00e9e, un espace culturel pour la pr\u00e9servation du patrimoine\u00a0\u00bb.<\/p>\n<p>L\u2019objectif de cette programmation \u00e9clectique, qui a d\u00e9marr\u00e9 vendredi avec un colloque sur \u00a0\u00bble d\u00e9cor et iconographie dans l\u2019architecture religieuse et domestique \u00e0 Essaouira\u00a0\u00bb, vise \u00e0 mettre en lumi\u00e8re la richesse, la diversit\u00e9 et l\u2019authenticit\u00e9 du patrimoine civilisationnel national et pr\u00e9server ainsi les composantes patrimoniales tant mat\u00e9rielles qu\u2019immat\u00e9rielles que rec\u00e8le la cit\u00e9 des Aliz\u00e9s et sa r\u00e9gion.<\/p>\n<p>Lors de ce colloque, M. Zakaria Aazab, cadre \u00e0 la direction provinciale de la culture \u00e0 Essaouira, a mis l\u2019accent sur l\u2019int\u00e9r\u00eat particulier que portait le Sultan Sidi Mohammed Ben Abdellah \u00e0 l\u2019architecture religieuse et urbanistique et ce, depuis la cr\u00e9ation de la ville.<\/p>\n<p>Et d\u2019ajouter que la population souirie s\u2019int\u00e9ressait depuis des si\u00e8cles \u00e0 l\u2019\u00e9l\u00e9ment architectural et esth\u00e9tique comme en t\u00e9moigne l\u2019entr\u00e9e des maisons et des grandes portails, avec des motifs et d\u00e9corations qui sont propres \u00e0 la ville d\u2019Essaouira entre autres, des dessins de fleurs et de plantes, notant que ce qui caract\u00e9rise les anciens \u00e9difices \u00e0 Essaouira contrairement \u00e0 ceux d\u2019autres villes comme Rabat et Marrakech est l\u2019absence d\u2019\u00e9critures sculpt\u00e9es.<\/p>\n<p>Il a, par la m\u00eame occasion, insist\u00e9 sur la n\u00e9cessit\u00e9 d\u2019une revalorisation de l\u2019architecture religieuse et domestique \u00e0 Essaouira en y associant les autres acteurs ainsi que les \u00e9lus, la sensibilisation de la population quant \u00e0 l\u2019importance de la pr\u00e9servation de ce patrimoine pour les g\u00e9n\u00e9rations montantes, outre l\u2019adoption de lois imposant l\u2019ex\u00e9cution des travaux de r\u00e9habilitation dans la m\u00e9dina en tenant compte strictement de ses sp\u00e9cificit\u00e9s.<\/p>\n<p>La c\u00e9l\u00e9bration de la journ\u00e9e mondiale des mus\u00e9es a \u00e9t\u00e9 l\u2019occasion \u00e9galement de faire d\u00e9couvrir aux g\u00e9n\u00e9rations montantes ce patrimoine ancestral qui fait partie int\u00e9grante de l\u2019identit\u00e9 nationale, et par l\u00e0, de les sensibiliser et les inciter quant \u00e0 l\u2019imp\u00e9ratif de sa promotion et de sa pr\u00e9servation.<\/p>\n<p>Dans ce cadre, une s\u00e9rie de visites guid\u00e9es au Mus\u00e9e Sidi Mohammed Ben Abdellah ont \u00e9t\u00e9 organis\u00e9es samedi au profit de plusieurs \u00e9l\u00e8ves et \u00e9tudiants issus de plusieurs \u00e9tablissements scolaires d\u2019Essaouira, occasion de prendre part \u00e0 un p\u00e9riple au coeur de l\u2019histoire multi-facettes et rayonnante ainsi que des traditions s\u00e9culaires de cette cit\u00e9.<\/p>\n<p>Par la m\u00eame occasion, il a \u00e9t\u00e9 proc\u00e9d\u00e9 \u00e0 l\u2019organisation d\u2019un atelier \u00a0\u00bbTalisman\u00a0\u00bb par son concepteur Hassan Sabri. Ce projet ambitionne de d\u00e9velopper un apprentissage pluriel (bijouterie, dinanderie, ferronnerie) au profit de jeunes stagiaires capables d\u2019\u00eatre comp\u00e9titifs et cr\u00e9atifs.<\/p>\n<p>L\u2019acquisition d\u2019un savoir-faire polyvalent permettra \u00e0 l\u2019apprenti d\u2019utiliser plusieurs mati\u00e8res premi\u00e8res et maitriser toutes les techniques sp\u00e9cifiques aux m\u00e9taux d\u2019ornementation.<\/p>\n<p>Les visiteurs du Mus\u00e9e Sidi Mohammed Ben Abdellah ont \u00e9t\u00e9 aussi au rendez-vous avec une exposition des produits du thuya, sign\u00e9e Khalil Hilal qui, par la m\u00eame occasion, a anim\u00e9 et encadr\u00e9 un atelier d\u2019introduction \u00e0 l\u2019art de la sculpture par le fa\u00e7onnage de supports en pl\u00e2tre au profit des \u00e9coliers participants.<\/p>\n<p>L\u2019assistance a pu \u00e9galement s\u2019informer sur les techniques de confection de bijoux \u00a0\u00bbmade in Essaouira\u00a0\u00bb \u00e0 travers des d\u00e9monstrations sur place concernant l\u2019art filigrane en bijouterie, r\u00e9alis\u00e9es par le maitre-artisan, Redouane Talbaoui.<\/p>\n<p>Cette technique parmi d\u2019autres telle \u00a0\u00bbajourage\u00a0\u00bb et \u00a0\u00bbincision\u00a0\u00bb du \u00a0\u00bbdag\u00a0\u00bb (confection) souiri, illustre la symbiose et la coexistence entre les civilisations amazighe, arabe et juive, explique-t-on.<\/p>\n<p>L\u2019un des moments forts de cette manifestation a \u00e9t\u00e9 le vernissage de l\u2019exposition in\u00e9dite intitul\u00e9e \u00a0\u00bble patrimoine maroco-portugais au Maroc : influence et interf\u00e9rence culturelle\u00a0\u00bb, organis\u00e9e conjointement \u00e0 Essaouira par le Centre des Etudes et Recherches sur le Patrimoine maroco-Lusitanien (El Jadida) et la Conservation de la M\u00e9dina de la cit\u00e9 des Aliz\u00e9s.<\/p>\n<p>Cette exposition itin\u00e9rante organis\u00e9e \u00e0 El Jadida, Agadir, Essaouira, Safi, Asilah, Tanger et Azemmour, donne \u00e0 voir et \u00e0 appr\u00e9cier une vingtaine de panneaux illustratifs de diff\u00e9rents sites et monuments historiques portugais au Maroc, avec des explications en langues fran\u00e7aise et arabe.<\/p>\n<p>Approch\u00e9 par la MAP, M. Abdelfettah Ichkhakh, Conservateur de la M\u00e9dina d\u2019Essaouira, a relev\u00e9 que cette exposition rev\u00eat une importance capitale en ce sens qu\u2019elle illustre une partie int\u00e9grante de l\u2019histoire du Maroc, celle de l\u2019expansion des Portugais sur les c\u00f4tes marocaines.<\/p>\n<p>\u00a0\u00bbCet expansionnisme portugais nous a laiss\u00e9 des traces qui, justement, font partie aujourd\u2019hui du patrimoine architectural du Maroc\u00a0\u00bb, a-t-il dit, avant de donner un aper\u00e7u historique d\u00e9taill\u00e9 sur la pr\u00e9sence portugaise dans le Royaume.<\/p>\n<p>Il a relev\u00e9 que cette exposition s\u2019inscrit dans une optique de mise en valeur de l\u2019histoire du Maroc combien plurielle par un brassage de plusieurs civilisations, notant qu\u2019il s\u2019agit de \u00ab\u00a0rep\u00e8res historiques que nous avons voulu retracer \u00e0 commencer par le pr\u00e9side de Sebta et apr\u00e8s un certain nombre de sites tels que Ksar Sghir, Tanger, Asilah, Essaouira, Gouz (Souiriya Laqdima), Azemmour et Agadir\u00a0\u00bb.<\/p>\n<p>Et de conclure que pour ce qui est de la ville d\u2019Essaouira, l\u2019expansion portugaise \u00e9tait de tr\u00e8s courte dur\u00e9e, un \u00e9l\u00e9ment que nous avons pu d\u00e9celer \u00e0 partir des sources mais aussi des restes.<\/p>\n<p>Dans une d\u00e9claration similaire, Mme Ghita Rabouli, conservatrice du Mus\u00e9e Sidi Mohammed Ben Abdellah, a lou\u00e9 l\u2019importance de cet \u00e9v\u00e9nement qui consiste \u00e0 f\u00eater les mus\u00e9es en tant qu\u2019espaces de culture, d\u2019information et de conservation du patrimoine. Il offre \u00e9galement l\u2019occasion de s\u2019ouvrir sur d\u2019autres institutions, sur les chercheurs et toutes les composantes de la soci\u00e9t\u00e9, a-t-elle poursuivi.<\/p>\n<p>\u00a0\u00bbLe mus\u00e9e demeure un espace de pr\u00e9sentation, de pr\u00e9servation et de transmission du savoir-faire\u00a0\u00bb, a-t-elle indiqu\u00e9, insistant sur la n\u00e9cessit\u00e9 de multiplier ce genre d\u2019initiatives instructives et \u00e9ducatives au profit des g\u00e9n\u00e9rations montantes.<\/p>\n<p>Auteur: Meriem IGASS<br \/>\n<a href=\"http:\/\/www.mapmarrakech.ma\/fr\/la-journee-mondiale-des-musees-richement-celebree-a-essaouira\/\">Cliquez ici pour lire l&rsquo;article depuis sa source.<\/a><\/p>\n","protected":false},"excerpt":{"rendered":"<p>La c\u00e9l\u00e9bration de cette journ\u00e9e s\u2019inscrit dans le cadre de la strat\u00e9gie du minist\u00e8re de la Culture visant la valorisation et la promotion du patrimoine national, tout en le faisant connaitre davantage et \u00e0 plus grande \u00e9chelle. Dans ce cadre, la Direction provinciale de la Culture \u00e0 Essaouira a organis\u00e9 au niveau du Mus\u00e9e Sidi [&hellip;]<\/p>\n","protected":false},"author":1788,"featured_media":0,"comment_status":"closed","ping_status":"closed","sticky":false,"template":"","format":"standard","meta":{"fifu_image_url":"","fifu_image_alt":"","footnotes":""},"categories":[54,76],"tags":[],"class_list":["post-35203","post","type-post","status-publish","format-standard","hentry","category-maroc","category-regions"],"_links":{"self":[{"href":"https:\/\/linitiative.ca\/International\/wp-json\/wp\/v2\/posts\/35203","targetHints":{"allow":["GET"]}}],"collection":[{"href":"https:\/\/linitiative.ca\/International\/wp-json\/wp\/v2\/posts"}],"about":[{"href":"https:\/\/linitiative.ca\/International\/wp-json\/wp\/v2\/types\/post"}],"author":[{"embeddable":true,"href":"https:\/\/linitiative.ca\/International\/wp-json\/wp\/v2\/users\/1788"}],"replies":[{"embeddable":true,"href":"https:\/\/linitiative.ca\/International\/wp-json\/wp\/v2\/comments?post=35203"}],"version-history":[{"count":0,"href":"https:\/\/linitiative.ca\/International\/wp-json\/wp\/v2\/posts\/35203\/revisions"}],"wp:attachment":[{"href":"https:\/\/linitiative.ca\/International\/wp-json\/wp\/v2\/media?parent=35203"}],"wp:term":[{"taxonomy":"category","embeddable":true,"href":"https:\/\/linitiative.ca\/International\/wp-json\/wp\/v2\/categories?post=35203"},{"taxonomy":"post_tag","embeddable":true,"href":"https:\/\/linitiative.ca\/International\/wp-json\/wp\/v2\/tags?post=35203"}],"curies":[{"name":"wp","href":"https:\/\/api.w.org\/{rel}","templated":true}]}}