{"id":35204,"date":"2019-05-19T07:45:25","date_gmt":"2019-05-19T11:45:25","guid":{"rendered":"https:\/\/linitiative.ca\/International\/batna-la-dechra-de-menaa-un-village-millenaire-en-peril\/"},"modified":"2019-05-19T07:45:25","modified_gmt":"2019-05-19T11:45:25","slug":"batna-la-dechra-de-menaa-un-village-millenaire-en-peril","status":"publish","type":"post","link":"https:\/\/linitiative.ca\/International\/batna-la-dechra-de-menaa-un-village-millenaire-en-peril\/","title":{"rendered":"Batna: la dechra de Men\u00e2a, un village mill\u00e9naire en p\u00e9ril"},"content":{"rendered":"<div>\n<div class=\"K2FeedImage\"><img decoding=\"async\" src=\"http:\/\/www.aps.dz\/media\/k2\/items\/cache\/36f8516d25d961e048a7091c34e8335d_S.jpg\" alt=\"Batna: la dechra de Men\u00e2a, un village mill\u00e9naire en p\u00e9ril\"><\/div>\n<div class=\"K2FeedIntroText\">\n<p><strong>BATNA &#8211; Village mill\u00e9naire de la r\u00e9gion des Aur\u00e8s, la dechra de Mena\u00e2, noyau lointain\u00a0 de la ville du m\u00eame nom situ\u00e9e \u00e0 85 km au sud de Batna, croule sous le poids de l&rsquo;\u00e2ge et risque tout bonnement de dispara\u00eetre si rien n&rsquo;est fait pour contrer l&rsquo;action du temps.<\/strong><\/p>\n<\/div>\n<div class=\"K2FeedFullText\">\n<p>Il n&rsquo;est nul besoin d&rsquo;\u00eatre expert pour constater l&rsquo;\u00e9tat de d\u00e9labrement de la dechra de Menaa caus\u00e9 par l&rsquo;absence d&rsquo;entretien et de mesures de protection, une absence qui menace inexorablement l&rsquo;existence d&rsquo;une cit\u00e9 s\u00e9culaire se voulant l&rsquo;arch\u00e9type de l\u2019architecture amazigh.<\/p>\n<p>La menace qui p\u00e8se sur cette dechra\u00a0 est de plus en plus pressante apr\u00e8s l&rsquo;effondrement d&rsquo;une b\u00e2tisse et la fissuration de l&rsquo;un de ses remparts, enregistr\u00e9s cette ann\u00e9e suite \u00e0 d&rsquo;importantes chutes de pluies ayant conduit \u00e0 la fermeture de l&rsquo;une des entr\u00e9es du village, a confi\u00e9 le pr\u00e9sident de l&rsquo;Assembl\u00e9e populaire de la commune de Mena\u00e2, Mezati Nakous.<\/p>\n<blockquote>\n<p><em><strong>\u00a0\u00bbCe rempart de plus de 8 m\u00e8tres peut s&rsquo;\u00e9crouler \u00e0 n&rsquo;importe quel moment sur les passants\u00a0\u00bb a mis en garde cet \u00e9lu, d\u00e9plorant le manque de moyens financiers dont dispose sa commune mais aussi l&rsquo;absence de main d&rsquo;\u0153uvre qualifi\u00e9e n\u00e9cessaire aux travaux de restauration.<\/strong><\/em><\/p>\n<\/blockquote>\n<p>Anciennement appel\u00e9e Tfilzi, la dechra de Mena\u00e2 avec ses maisons construites g\u00e9n\u00e9ralement sur deux niveaux, est jusqu&rsquo;\u00e0 aujourd&rsquo;hui habit\u00e9e par de nombreuses familles qui ont jalousement pr\u00e9serv\u00e9 leur mode de vie pour conf\u00e9rer aux lieux un charme des plus saisissants.<\/p>\n<hr>\n<h3>Lire aussi:\u00a0<a href=\"http:\/\/www.aps.dz\/culture\/89115-ksour-de-m-doukal-batna-un-site-historique-et-touristique-a-valoriser\" target=\"_blank\" rel=\"noopener noreferrer\">Ksour de M&rsquo;doukal \u00e0 Batna: un site historique et touristique \u00e0 valoriser<\/a><\/h3>\n<hr>\n<p>Class\u00e9e site naturel 1928, la dechra de Mena\u00e2 attend toujours sa classification en tant que bien culturel national, a d\u00e9clar\u00e9 le directeur local de la Culture, Omar Kebbour, soulignant que ce statut va permettre \u00e0 ce village de b\u00e9n\u00e9ficier des mesures garantissant sa protection contre toute forme de d\u00e9gradation.<\/p>\n<p>Pour ce faire, il faut pr\u00e9alablement \u00e9laborer un dossier d\u00e9taill\u00e9 comportant toutes les donn\u00e9es arch\u00e9ologiques et historiques mais aussi les relev\u00e9s topographiques du site, a- t-il dit.<\/p>\n<p>M.Kebbour a ainsi rappel\u00e9 que les palais de M&rsquo;doukel avaient \u00e9t\u00e9 confront\u00e9s \u00e0 la m\u00eame probl\u00e9matique jusqu&rsquo;\u00e0 ce que le dossier de leur classification en tant que biens culturels ne soit soumis en octobre 2018 au minist\u00e8re de la Culture et \u00e0 la commission nationale des biens culturels.<\/p>\n<p>D&rsquo;aucuns universitaires, sp\u00e9cialistes en architecture et protection du patrimoine, sugg\u00e8rent \u00e0 leurs \u00e9tudiants de prendre ce genre de sites non encore class\u00e9s comme projets de fin d&rsquo;\u00e9tudes ce qui non seulement leur permettra d&rsquo;enrichir la recherche universitaire, mais aussi de contribuer avec leurs travaux \u00e0 classer et sauvegarder le patrimoine culturel local, a-t-on fait savoir.<\/p>\n<p>\u00a0<\/p>\n<p style=\"text-align: center;\"><span style=\"font-size: 14pt;\"><strong>\u00ab\u00a0Thafsouth\u00a0\u00bb, une occasion pour perp\u00e9tuer la c\u00e9l\u00e9bration du printemps<\/strong><\/span><\/p>\n<p>\u00a0<\/p>\n<p>F\u00eate ayant fait la renomm\u00e9e de la dechra de Mena\u00e2 \u00e0 travers tout le territoire national, Thafsouth o\u00f9 la f\u00eate du printemps constitue pour les jeunes de cette r\u00e9gion enclav\u00e9e l&rsquo;opportunit\u00e9 de faire d\u00e9couvrir toute la beaut\u00e9 de ce village et ses d\u00e9tails architecturaux uniques faisant de ses constructions un havre de fra\u00eecheur en \u00e9t\u00e9 et un abri chaud en hiver .<\/p>\n<p>S&rsquo;articulant autour d\u2019un grand festival d\u2019exhibitions hippiques, de tir et de jeux populaires, Thafsouth qui a lieu g\u00e9n\u00e9ralement \u00e0 la premi\u00e8re quinzaine du mois de mars pour manifester son attachement \u00e0 la terre, permet, selon les jeunes de ce village, d&rsquo;attirer l&rsquo;attention sur la situation de la dechra et la n\u00e9cessit\u00e9 d&rsquo;entreprendre au plus vite les d\u00e9marches visant sa classification.<\/p>\n<hr>\n<h3>Lire aussi:\u00a0<a href=\"http:\/\/www.aps.dz\/regions\/89482-zones-humides-chott-gadaine-se-revitalise-relancant-l-espoir-d-une-classification\" target=\"_blank\" rel=\"noopener noreferrer\">Zones humides : chott Gada\u00efne se revitalise relan\u00e7ant l\u2019espoir d\u2019une classification<\/a><\/h3>\n<hr>\n<p>Dans cet ordre d&rsquo;id\u00e9es, la Dechra de Mena\u00e2 avait abrit\u00e9 l&rsquo;ann\u00e9e derni\u00e8re un atelier de formation sur l&rsquo;architecture ancestrale dans le but de sensibiliser ses habitants sur l&rsquo;importance de la valorisation et de la protection du b\u00e2ti s\u00e9culaire.<\/p>\n<p>La dechra de Mena\u00e2 pr\u00e8s de laquelle passe la route nationale (RN) n 87, abrite la zaou\u00efa Kaddiriya Ben Abbas, plus connue sous le nom de la demeure du Cheikh. Cette zaou\u00efa a \u00e9t\u00e9 fond\u00e9e en 1660. Sa mosqu\u00e9e a \u00e9t\u00e9 b\u00e2tie sur des vestiges d\u2019une construction romaine. Deux petits fils d\u2019Ahmed Bey, dernier bey de Constantine, y sont enterr\u00e9s.<\/p>\n<\/div>\n<\/div>\n<p>Auteur:<br \/>\n<a href=\"http:\/\/www.aps.dz\/regions\/89597-batna-la-dechra-de-menaa-un-village-millenaire-en-peril\">Cliquez ici pour lire l&rsquo;article depuis sa source.<\/a><\/p>\n","protected":false},"excerpt":{"rendered":"<p>BATNA &#8211; Village mill\u00e9naire de la r\u00e9gion des Aur\u00e8s, la dechra de Mena\u00e2, noyau lointain\u00a0 de la ville du m\u00eame nom situ\u00e9e \u00e0 85 km au sud de Batna, croule sous le poids de l&rsquo;\u00e2ge et risque tout bonnement de dispara\u00eetre si rien n&rsquo;est fait pour contrer l&rsquo;action du temps. Il n&rsquo;est nul besoin d&rsquo;\u00eatre [&hellip;]<\/p>\n","protected":false},"author":1790,"featured_media":35205,"comment_status":"closed","ping_status":"closed","sticky":false,"template":"","format":"standard","meta":{"fifu_image_url":"","fifu_image_alt":"","footnotes":""},"categories":[53,76],"tags":[],"class_list":["post-35204","post","type-post","status-publish","format-standard","has-post-thumbnail","hentry","category-algerie","category-regions"],"_links":{"self":[{"href":"https:\/\/linitiative.ca\/International\/wp-json\/wp\/v2\/posts\/35204","targetHints":{"allow":["GET"]}}],"collection":[{"href":"https:\/\/linitiative.ca\/International\/wp-json\/wp\/v2\/posts"}],"about":[{"href":"https:\/\/linitiative.ca\/International\/wp-json\/wp\/v2\/types\/post"}],"author":[{"embeddable":true,"href":"https:\/\/linitiative.ca\/International\/wp-json\/wp\/v2\/users\/1790"}],"replies":[{"embeddable":true,"href":"https:\/\/linitiative.ca\/International\/wp-json\/wp\/v2\/comments?post=35204"}],"version-history":[{"count":0,"href":"https:\/\/linitiative.ca\/International\/wp-json\/wp\/v2\/posts\/35204\/revisions"}],"wp:featuredmedia":[{"embeddable":true,"href":"https:\/\/linitiative.ca\/International\/wp-json\/"}],"wp:attachment":[{"href":"https:\/\/linitiative.ca\/International\/wp-json\/wp\/v2\/media?parent=35204"}],"wp:term":[{"taxonomy":"category","embeddable":true,"href":"https:\/\/linitiative.ca\/International\/wp-json\/wp\/v2\/categories?post=35204"},{"taxonomy":"post_tag","embeddable":true,"href":"https:\/\/linitiative.ca\/International\/wp-json\/wp\/v2\/tags?post=35204"}],"curies":[{"name":"wp","href":"https:\/\/api.w.org\/{rel}","templated":true}]}}