{"id":35206,"date":"2019-05-19T13:01:36","date_gmt":"2019-05-19T17:01:36","guid":{"rendered":"https:\/\/linitiative.ca\/International\/des-centaines-detudiants-marchent-a-alger-pour-revendiquer-le-changement-du-regime\/"},"modified":"2019-05-19T13:01:36","modified_gmt":"2019-05-19T17:01:36","slug":"des-centaines-detudiants-marchent-a-alger-pour-revendiquer-le-changement-du-regime","status":"publish","type":"post","link":"https:\/\/linitiative.ca\/International\/des-centaines-detudiants-marchent-a-alger-pour-revendiquer-le-changement-du-regime\/","title":{"rendered":"Des centaines d&rsquo;\u00e9tudiants marchent \u00e0 Alger pour revendiquer le changement du r\u00e9gime"},"content":{"rendered":"<div>\n<div class=\"K2FeedIntroText\">\n<p><strong>ALGER &#8211; Des centaines d&rsquo;\u00e9tudiants ont organis\u00e9, dimanche, une marche pacifique en sillonnant les ruelles attenantes \u00e0 la Facult\u00e9 centrale d&rsquo;Alger, \u00e0 l&rsquo;occasion de la Journ\u00e9e nationale de l&rsquo;\u00e9tudiant, c\u00e9l\u00e9br\u00e9e le 19 mai, pour exprimer leur attachement aux revendications du hirak populaire appelant au d\u00e9part du syst\u00e8me.<\/strong><\/p>\n<\/div>\n<div class=\"K2FeedFullText\">\n<p>Malgr\u00e9 le je\u00fbne, les \u00e9tudiants se sont rassembl\u00e9s, tr\u00e8s t\u00f4t dans la matin\u00e9e, devant la Facult\u00e9 centrale venus des diff\u00e9rents instituts et universit\u00e9s, \u00e0 l&rsquo;instar de Bab Ezzouar, de Bouzar\u00e9ah, des instituts de langues, de l&rsquo;Ecole nationale polytechniques et de l&rsquo;Universit\u00e9 de Boumerd\u00e8s\u00a0 pour se rendre au tribunal de Sidi M&rsquo;hamed sis rue Abane Ramdane o\u00f9 il ont scand\u00e9 des slogans appelant \u00e0 l&rsquo;ind\u00e9pendance de la justice et au jugement des corrompus.<\/p>\n<p>A l&rsquo;entr\u00e9e principale de la Facult\u00e9 centrale, les \u00e9tudiants scandaient des slogans exprimant leur rejet du syst\u00e8me et appelant \u00e0 l&rsquo;unit\u00e9 du peuple et de l&rsquo;Arm\u00e9e nationale populaire (ANP), portant des photos du chahid Taleb Abderrahmane, symbole de sacrifice pour l&rsquo;ind\u00e9pendance de l&rsquo;Alg\u00e9rie<\/p>\n<p>R\u00e9it\u00e9rant leur refus de l&rsquo;organisation de l&rsquo;\u00e9lection pr\u00e9sidentielle le 4 juillet, les \u00e9tudiants ont appel\u00e9 \u00e0 \u00ab\u00a0la transition d\u00e9mocratique et l&rsquo;\u00e9dification d&rsquo;un Etat de droit et de libert\u00e9s\u00a0\u00bb, scandant l&rsquo;hymne national et des chants patriotiques.<\/p>\n<p>Un imposant dispositif s\u00e9curitaire a \u00e9t\u00e9 d\u00e9ploy\u00e9 au niveau des ruelles parall\u00e8les \u00e0 la grande poste et \u00e0 la Facult\u00e9 centrale.<\/p>\n<\/div>\n<\/div>\n<p>Auteur:<br \/>\n<a href=\"http:\/\/www.aps.dz\/regions\/89618-des-centaines-d-etudiants-marchent-a-alger-pour-revendiquer-le-changement-du-regime\">Cliquez ici pour lire l&rsquo;article depuis sa source.<\/a><\/p>\n","protected":false},"excerpt":{"rendered":"<p>ALGER &#8211; Des centaines d&rsquo;\u00e9tudiants ont organis\u00e9, dimanche, une marche pacifique en sillonnant les ruelles attenantes \u00e0 la Facult\u00e9 centrale d&rsquo;Alger, \u00e0 l&rsquo;occasion de la Journ\u00e9e nationale de l&rsquo;\u00e9tudiant, c\u00e9l\u00e9br\u00e9e le 19 mai, pour exprimer leur attachement aux revendications du hirak populaire appelant au d\u00e9part du syst\u00e8me. Malgr\u00e9 le je\u00fbne, les \u00e9tudiants se sont rassembl\u00e9s, [&hellip;]<\/p>\n","protected":false},"author":1790,"featured_media":0,"comment_status":"closed","ping_status":"closed","sticky":false,"template":"","format":"standard","meta":{"fifu_image_url":"","fifu_image_alt":"","footnotes":""},"categories":[53,76],"tags":[],"class_list":["post-35206","post","type-post","status-publish","format-standard","hentry","category-algerie","category-regions"],"_links":{"self":[{"href":"https:\/\/linitiative.ca\/International\/wp-json\/wp\/v2\/posts\/35206","targetHints":{"allow":["GET"]}}],"collection":[{"href":"https:\/\/linitiative.ca\/International\/wp-json\/wp\/v2\/posts"}],"about":[{"href":"https:\/\/linitiative.ca\/International\/wp-json\/wp\/v2\/types\/post"}],"author":[{"embeddable":true,"href":"https:\/\/linitiative.ca\/International\/wp-json\/wp\/v2\/users\/1790"}],"replies":[{"embeddable":true,"href":"https:\/\/linitiative.ca\/International\/wp-json\/wp\/v2\/comments?post=35206"}],"version-history":[{"count":0,"href":"https:\/\/linitiative.ca\/International\/wp-json\/wp\/v2\/posts\/35206\/revisions"}],"wp:attachment":[{"href":"https:\/\/linitiative.ca\/International\/wp-json\/wp\/v2\/media?parent=35206"}],"wp:term":[{"taxonomy":"category","embeddable":true,"href":"https:\/\/linitiative.ca\/International\/wp-json\/wp\/v2\/categories?post=35206"},{"taxonomy":"post_tag","embeddable":true,"href":"https:\/\/linitiative.ca\/International\/wp-json\/wp\/v2\/tags?post=35206"}],"curies":[{"name":"wp","href":"https:\/\/api.w.org\/{rel}","templated":true}]}}