{"id":35211,"date":"2019-05-19T15:14:06","date_gmt":"2019-05-19T19:14:06","guid":{"rendered":"https:\/\/linitiative.ca\/International\/international-real-une-saison-qui-se-termine-avec-une-defaite-face-a-mandi-et-le-betis\/"},"modified":"2019-05-19T15:14:06","modified_gmt":"2019-05-19T19:14:06","slug":"international-real-une-saison-qui-se-termine-avec-une-defaite-face-a-mandi-et-le-betis","status":"publish","type":"post","link":"https:\/\/linitiative.ca\/International\/international-real-une-saison-qui-se-termine-avec-une-defaite-face-a-mandi-et-le-betis\/","title":{"rendered":"International : Real : Une saison qui se termine avec une d\u00e9faite face \u00e0 Mandi et le Betis"},"content":{"rendered":"<div readability=\"32\">\n<p>Auteur : <span class=\"time\">dimanche 19 mai 2019 13:06<\/span><\/p>\n<\/div>\n<div id=\"post_core\" readability=\"40\">\n<p>Pour le dernier match de la saison, l\u2019\u00e9quipe de Zin\u00e9dine Zidane s\u2019est effondr\u00e9e \u00e0 domicile face au Betis Seville (2-0). La 12e d\u00e9faite de la saison pour le Real, qui termine cet exercice de la pire des fa\u00e7ons comme le souligne Sport24.<\/p>\n<p>Cette d\u00e9faite n\u2019a pourtant pas de cons\u00e9quence au classement. Les Madril\u00e8nes avaient d\u00e9j\u00e0 assur\u00e9 leur 3e place et leur qualification pour la prochaine Ligue des champions. L&rsquo;international alg\u00e9rien Aissa Mandi a jou\u00e9 l&rsquo;int\u00e9gralit\u00e9 de la partie.<\/p>\n<p><strong>Publi\u00e9 dans :<\/strong> <span>Mandi<\/span><\/p>\n<\/div>\n<p>Auteur:<br \/>\n<a href=\"http:\/\/www.lebuteur.com\/article\/detail?titre=real-une-saison-qui-se-termine-avec-une-defaite-face-a-mandi-et-le-betis&#038;id=88936&#038;utm_source=feedburner&#038;utm_medium=feed&#038;utm_campaign=Feed%3A+GalerieFArtciles+%28Les+derniers+articles++-+lebuteur.com%29\">Cliquez ici pour lire l&rsquo;article depuis sa source.<\/a><\/p>\n","protected":false},"excerpt":{"rendered":"<p>Auteur : dimanche 19 mai 2019 13:06 Pour le dernier match de la saison, l\u2019\u00e9quipe de Zin\u00e9dine Zidane s\u2019est effondr\u00e9e \u00e0 domicile face au Betis Seville (2-0). La 12e d\u00e9faite de la saison pour le Real, qui termine cet exercice de la pire des fa\u00e7ons comme le souligne Sport24. Cette d\u00e9faite n\u2019a pourtant pas de [&hellip;]<\/p>\n","protected":false},"author":1738,"featured_media":35212,"comment_status":"closed","ping_status":"closed","sticky":false,"template":"","format":"standard","meta":{"fifu_image_url":"","fifu_image_alt":"","footnotes":""},"categories":[53,75],"tags":[],"class_list":["post-35211","post","type-post","status-publish","format-standard","has-post-thumbnail","hentry","category-algerie","category-sport"],"_links":{"self":[{"href":"https:\/\/linitiative.ca\/International\/wp-json\/wp\/v2\/posts\/35211","targetHints":{"allow":["GET"]}}],"collection":[{"href":"https:\/\/linitiative.ca\/International\/wp-json\/wp\/v2\/posts"}],"about":[{"href":"https:\/\/linitiative.ca\/International\/wp-json\/wp\/v2\/types\/post"}],"author":[{"embeddable":true,"href":"https:\/\/linitiative.ca\/International\/wp-json\/wp\/v2\/users\/1738"}],"replies":[{"embeddable":true,"href":"https:\/\/linitiative.ca\/International\/wp-json\/wp\/v2\/comments?post=35211"}],"version-history":[{"count":0,"href":"https:\/\/linitiative.ca\/International\/wp-json\/wp\/v2\/posts\/35211\/revisions"}],"wp:featuredmedia":[{"embeddable":true,"href":"https:\/\/linitiative.ca\/International\/wp-json\/"}],"wp:attachment":[{"href":"https:\/\/linitiative.ca\/International\/wp-json\/wp\/v2\/media?parent=35211"}],"wp:term":[{"taxonomy":"category","embeddable":true,"href":"https:\/\/linitiative.ca\/International\/wp-json\/wp\/v2\/categories?post=35211"},{"taxonomy":"post_tag","embeddable":true,"href":"https:\/\/linitiative.ca\/International\/wp-json\/wp\/v2\/tags?post=35211"}],"curies":[{"name":"wp","href":"https:\/\/api.w.org\/{rel}","templated":true}]}}