{"id":35213,"date":"2019-05-19T15:14:07","date_gmt":"2019-05-19T19:14:07","guid":{"rendered":"https:\/\/linitiative.ca\/International\/international-kompany-quitte-manchester-city\/"},"modified":"2019-05-19T15:14:07","modified_gmt":"2019-05-19T19:14:07","slug":"international-kompany-quitte-manchester-city","status":"publish","type":"post","link":"https:\/\/linitiative.ca\/International\/international-kompany-quitte-manchester-city\/","title":{"rendered":"International : Kompany quitte Manchester City !"},"content":{"rendered":"<div readability=\"32\">\n<p>Auteur : <span class=\"time\">dimanche 19 mai 2019 14:30<\/span><\/p>\n<\/div>\n<div id=\"post_core\" readability=\"46\">\n<p>Apr\u00e8s le titre glan\u00e9 par Manchester City la semaine derni\u00e8re suivi du succ\u00e8s en FA Cup d\u2019hier pour un quadrupl\u00e9 historique, Vincent Kompany a annonc\u00e9 son d\u00e9part du club. Apr\u00e8s onze saisons pass\u00e9es \u00e0 Manchester, le capitaine de City part donc en ayant gagn\u00e9 quatre Premier League,\u00a0deux FA Cups, quatre League Cups et deux Community Shields. Khaldoon Al Mubarak, le pr\u00e9sident du club, a d\u00e9clar\u00e9 \u00e0 son propos : \u00ab\u00a0Il y a eu beaucoup de personnes qui ont contribu\u00e9 \u00e0 la renaissance de Manchester City, mais il n\u2019y a aucun doute sur le fait qu\u2019aucun d\u2019entre eux n\u2019a \u00e9t\u00e9 plus important que Vincent Komapny. Il repr\u00e9sente l\u2019essence du club. Pendant plus d\u2019une d\u00e9cennie, il a \u00e9t\u00e9 le moteur, l\u2019\u00e2me et le coeur d\u2019une \u00e9quipe incroyablement talentueuse.\u00a0\u00bb<\/p>\n<p><strong>Publi\u00e9 dans :<\/strong> <span>Manchester City<\/span> <span>Vincent Kompany<\/span><\/p>\n<\/div>\n<p>Auteur:<br \/>\n<a href=\"http:\/\/www.lebuteur.com\/article\/detail?titre=kompany-quitte-manchester-city&#038;id=88938&#038;utm_source=feedburner&#038;utm_medium=feed&#038;utm_campaign=Feed%3A+GalerieFArtciles+%28Les+derniers+articles++-+lebuteur.com%29\">Cliquez ici pour lire l&rsquo;article depuis sa source.<\/a><\/p>\n","protected":false},"excerpt":{"rendered":"<p>Auteur : dimanche 19 mai 2019 14:30 Apr\u00e8s le titre glan\u00e9 par Manchester City la semaine derni\u00e8re suivi du succ\u00e8s en FA Cup d\u2019hier pour un quadrupl\u00e9 historique, Vincent Kompany a annonc\u00e9 son d\u00e9part du club. Apr\u00e8s onze saisons pass\u00e9es \u00e0 Manchester, le capitaine de City part donc en ayant gagn\u00e9 quatre Premier League,\u00a0deux FA [&hellip;]<\/p>\n","protected":false},"author":1738,"featured_media":35214,"comment_status":"closed","ping_status":"closed","sticky":false,"template":"","format":"standard","meta":{"fifu_image_url":"","fifu_image_alt":"","footnotes":""},"categories":[53,75],"tags":[],"class_list":["post-35213","post","type-post","status-publish","format-standard","has-post-thumbnail","hentry","category-algerie","category-sport"],"_links":{"self":[{"href":"https:\/\/linitiative.ca\/International\/wp-json\/wp\/v2\/posts\/35213","targetHints":{"allow":["GET"]}}],"collection":[{"href":"https:\/\/linitiative.ca\/International\/wp-json\/wp\/v2\/posts"}],"about":[{"href":"https:\/\/linitiative.ca\/International\/wp-json\/wp\/v2\/types\/post"}],"author":[{"embeddable":true,"href":"https:\/\/linitiative.ca\/International\/wp-json\/wp\/v2\/users\/1738"}],"replies":[{"embeddable":true,"href":"https:\/\/linitiative.ca\/International\/wp-json\/wp\/v2\/comments?post=35213"}],"version-history":[{"count":0,"href":"https:\/\/linitiative.ca\/International\/wp-json\/wp\/v2\/posts\/35213\/revisions"}],"wp:featuredmedia":[{"embeddable":true,"href":"https:\/\/linitiative.ca\/International\/wp-json\/"}],"wp:attachment":[{"href":"https:\/\/linitiative.ca\/International\/wp-json\/wp\/v2\/media?parent=35213"}],"wp:term":[{"taxonomy":"category","embeddable":true,"href":"https:\/\/linitiative.ca\/International\/wp-json\/wp\/v2\/categories?post=35213"},{"taxonomy":"post_tag","embeddable":true,"href":"https:\/\/linitiative.ca\/International\/wp-json\/wp\/v2\/tags?post=35213"}],"curies":[{"name":"wp","href":"https:\/\/api.w.org\/{rel}","templated":true}]}}