{"id":35215,"date":"2019-05-19T15:14:09","date_gmt":"2019-05-19T19:14:09","guid":{"rendered":"https:\/\/linitiative.ca\/International\/international-psg-kehrer-juge-sa-saison\/"},"modified":"2019-05-19T15:14:09","modified_gmt":"2019-05-19T19:14:09","slug":"international-psg-kehrer-juge-sa-saison","status":"publish","type":"post","link":"https:\/\/linitiative.ca\/International\/international-psg-kehrer-juge-sa-saison\/","title":{"rendered":"International : PSG : Kehrer juge sa saison"},"content":{"rendered":"<div readability=\"32\">\n<p>Auteur : <span class=\"time\">dimanche 19 mai 2019 15:00<\/span><\/p>\n<\/div>\n<div id=\"post_core\" readability=\"48\">\n<p>Apr\u00e8s les c\u00e9l\u00e9brations du titre de champion de France samedi soir, l\u2019international allemand a r\u00e9alis\u00e9 un bilan plut\u00f4t sinc\u00e8re. \u00ab\u00a0Pour ma premi\u00e8re saison au PSG, j&rsquo;ai fait beaucoup de matchs. Certains \u00e9taient bons, d&rsquo;autres pas tr\u00e8s bons (sourire). Je sais que je dois m&rsquo;am\u00e9liorer sur tous les points, je suis encore jeune. Je peux et je vais travailler pour me montrer plus constant au plus haut niveau\u00a0\u00bb, a promis l\u2019ancien joueur de Schalke 04 rapporte Maxifoot.<\/p>\n<p>Sa bourde au retour contre Manchester United (2-0, 1-3), sa propension \u00e0 conc\u00e9der des penalties\u2026 Kehrer ne fait pas forc\u00e9ment penser \u00e0 de bons souvenirs cette saison mais l\u2019Allemand a les qualit\u00e9s pour relever la t\u00eate.<\/p>\n<p><strong>Publi\u00e9 dans :<\/strong> <span>PSG<\/span> <span>Kehrer<\/span><\/p>\n<\/div>\n<p>Auteur:<br \/>\n<a href=\"http:\/\/www.lebuteur.com\/article\/detail?titre=psg-kehrer-juge-sa-saison&#038;id=88940&#038;utm_source=feedburner&#038;utm_medium=feed&#038;utm_campaign=Feed%3A+GalerieFArtciles+%28Les+derniers+articles++-+lebuteur.com%29\">Cliquez ici pour lire l&rsquo;article depuis sa source.<\/a><\/p>\n","protected":false},"excerpt":{"rendered":"<p>Auteur : dimanche 19 mai 2019 15:00 Apr\u00e8s les c\u00e9l\u00e9brations du titre de champion de France samedi soir, l\u2019international allemand a r\u00e9alis\u00e9 un bilan plut\u00f4t sinc\u00e8re. \u00ab\u00a0Pour ma premi\u00e8re saison au PSG, j&rsquo;ai fait beaucoup de matchs. Certains \u00e9taient bons, d&rsquo;autres pas tr\u00e8s bons (sourire). Je sais que je dois m&rsquo;am\u00e9liorer sur tous les points, [&hellip;]<\/p>\n","protected":false},"author":1738,"featured_media":35216,"comment_status":"closed","ping_status":"closed","sticky":false,"template":"","format":"standard","meta":{"fifu_image_url":"","fifu_image_alt":"","footnotes":""},"categories":[53,75],"tags":[],"class_list":["post-35215","post","type-post","status-publish","format-standard","has-post-thumbnail","hentry","category-algerie","category-sport"],"_links":{"self":[{"href":"https:\/\/linitiative.ca\/International\/wp-json\/wp\/v2\/posts\/35215","targetHints":{"allow":["GET"]}}],"collection":[{"href":"https:\/\/linitiative.ca\/International\/wp-json\/wp\/v2\/posts"}],"about":[{"href":"https:\/\/linitiative.ca\/International\/wp-json\/wp\/v2\/types\/post"}],"author":[{"embeddable":true,"href":"https:\/\/linitiative.ca\/International\/wp-json\/wp\/v2\/users\/1738"}],"replies":[{"embeddable":true,"href":"https:\/\/linitiative.ca\/International\/wp-json\/wp\/v2\/comments?post=35215"}],"version-history":[{"count":0,"href":"https:\/\/linitiative.ca\/International\/wp-json\/wp\/v2\/posts\/35215\/revisions"}],"wp:featuredmedia":[{"embeddable":true,"href":"https:\/\/linitiative.ca\/International\/wp-json\/"}],"wp:attachment":[{"href":"https:\/\/linitiative.ca\/International\/wp-json\/wp\/v2\/media?parent=35215"}],"wp:term":[{"taxonomy":"category","embeddable":true,"href":"https:\/\/linitiative.ca\/International\/wp-json\/wp\/v2\/categories?post=35215"},{"taxonomy":"post_tag","embeddable":true,"href":"https:\/\/linitiative.ca\/International\/wp-json\/wp\/v2\/tags?post=35215"}],"curies":[{"name":"wp","href":"https:\/\/api.w.org\/{rel}","templated":true}]}}