{"id":35221,"date":"2019-05-19T15:14:13","date_gmt":"2019-05-19T19:14:13","guid":{"rendered":"https:\/\/linitiative.ca\/International\/international-barca-auteur-dun-double-face-a-eibar-messi-devient-le-pichichi-et-bientot-soulier-dor-europeen\/"},"modified":"2019-05-19T15:14:13","modified_gmt":"2019-05-19T19:14:13","slug":"international-barca-auteur-dun-double-face-a-eibar-messi-devient-le-pichichi-et-bientot-soulier-dor-europeen","status":"publish","type":"post","link":"https:\/\/linitiative.ca\/International\/international-barca-auteur-dun-double-face-a-eibar-messi-devient-le-pichichi-et-bientot-soulier-dor-europeen\/","title":{"rendered":"International : Bar\u00e7a : Auteur d&rsquo;un doubl\u00e9 face \u00e0 Eibar, Messi devient le Pichichi et bient\u00f4t Soulier d&rsquo;Or europ\u00e9en"},"content":{"rendered":"<div readability=\"32\">\n<p>Auteur : <span class=\"time\">dimanche 19 mai 2019 19:21<\/span><\/p>\n<\/div>\n<div id=\"post_core\" readability=\"38\">\n<p>L&rsquo;Argentin a inscrit ses 35e et 36e but en championnat de la saison, battant ainsi son total de l&rsquo;an dernier. Il remporte ainsi son 6e \u00ab\u00a0Pichichi\u00a0\u00bb en Espagne et est tout proche d&rsquo;un nouveau Soulier d&rsquo;or europ\u00e9en qui r\u00e9compense le meilleur buteur d&rsquo;Europe comme l&rsquo;indique Sport24. Seul Mbapp\u00e9 peut encore l&rsquo;inqui\u00e9ter mais le Fran\u00e7ais n&rsquo;a plus qu&rsquo;un match pour inscrire 4 buts ou plus \u00e0 Reims vendredi prochain. Messi est donc tout proche d&rsquo;un 6e Soulier d&rsquo;or europ\u00e9en et il a port\u00e9 son total de r\u00e9alisations \u00e0 50 cette saison en 49 matches.<\/p>\n<p><strong>Publi\u00e9 dans :<\/strong> <span>fc barcelone<\/span><\/p>\n<\/div>\n<p>Auteur:<br \/>\n<a href=\"http:\/\/www.lebuteur.com\/article\/detail?titre=barca-auteur-dun-double-face-a-eibar-messi-devient-le-pichichi-et-bientot-soulier-dor-europeen&#038;id=88947&#038;utm_source=feedburner&#038;utm_medium=feed&#038;utm_campaign=Feed%3A+GalerieFArtciles+%28Les+derniers+articles++-+lebuteur.com%29\">Cliquez ici pour lire l&rsquo;article depuis sa source.<\/a><\/p>\n","protected":false},"excerpt":{"rendered":"<p>Auteur : dimanche 19 mai 2019 19:21 L&rsquo;Argentin a inscrit ses 35e et 36e but en championnat de la saison, battant ainsi son total de l&rsquo;an dernier. Il remporte ainsi son 6e \u00ab\u00a0Pichichi\u00a0\u00bb en Espagne et est tout proche d&rsquo;un nouveau Soulier d&rsquo;or europ\u00e9en qui r\u00e9compense le meilleur buteur d&rsquo;Europe comme l&rsquo;indique Sport24. Seul Mbapp\u00e9 [&hellip;]<\/p>\n","protected":false},"author":1738,"featured_media":35222,"comment_status":"closed","ping_status":"closed","sticky":false,"template":"","format":"standard","meta":{"fifu_image_url":"","fifu_image_alt":"","footnotes":""},"categories":[53,75],"tags":[],"class_list":["post-35221","post","type-post","status-publish","format-standard","has-post-thumbnail","hentry","category-algerie","category-sport"],"_links":{"self":[{"href":"https:\/\/linitiative.ca\/International\/wp-json\/wp\/v2\/posts\/35221","targetHints":{"allow":["GET"]}}],"collection":[{"href":"https:\/\/linitiative.ca\/International\/wp-json\/wp\/v2\/posts"}],"about":[{"href":"https:\/\/linitiative.ca\/International\/wp-json\/wp\/v2\/types\/post"}],"author":[{"embeddable":true,"href":"https:\/\/linitiative.ca\/International\/wp-json\/wp\/v2\/users\/1738"}],"replies":[{"embeddable":true,"href":"https:\/\/linitiative.ca\/International\/wp-json\/wp\/v2\/comments?post=35221"}],"version-history":[{"count":0,"href":"https:\/\/linitiative.ca\/International\/wp-json\/wp\/v2\/posts\/35221\/revisions"}],"wp:featuredmedia":[{"embeddable":true,"href":"https:\/\/linitiative.ca\/International\/wp-json\/"}],"wp:attachment":[{"href":"https:\/\/linitiative.ca\/International\/wp-json\/wp\/v2\/media?parent=35221"}],"wp:term":[{"taxonomy":"category","embeddable":true,"href":"https:\/\/linitiative.ca\/International\/wp-json\/wp\/v2\/categories?post=35221"},{"taxonomy":"post_tag","embeddable":true,"href":"https:\/\/linitiative.ca\/International\/wp-json\/wp\/v2\/tags?post=35221"}],"curies":[{"name":"wp","href":"https:\/\/api.w.org\/{rel}","templated":true}]}}