{"id":35225,"date":"2019-05-19T15:14:16","date_gmt":"2019-05-19T19:14:16","guid":{"rendered":"https:\/\/linitiative.ca\/International\/pros-eredivisie-la-blessure-prive-darfalou-de-disputer-les-play-off\/"},"modified":"2019-05-19T15:14:16","modified_gmt":"2019-05-19T19:14:16","slug":"pros-eredivisie-la-blessure-prive-darfalou-de-disputer-les-play-off","status":"publish","type":"post","link":"https:\/\/linitiative.ca\/International\/pros-eredivisie-la-blessure-prive-darfalou-de-disputer-les-play-off\/","title":{"rendered":"Pros : Eredivisie: La blessure prive Darfalou de disputer les Play Off"},"content":{"rendered":"<div readability=\"32\">\n<p>Auteur : <span>Riad O.<\/span> <span class=\"time\">dimanche 19 mai 2019 19:30<\/span><\/p>\n<\/div>\n<div id=\"post_core\" readability=\"36\">\n<p>Oussama Darfalou n\u2019a pas pris part \u00e0 la rencontre de son team face \u00e0 la formation de Groningen dans le cadre de la demi-finale aller des Play Off de l\u2019Eredivisie. Selon le club de Vitesse, le joueur Alg\u00e9rien souffre d\u2019une blessure au niveau de la cheville. Il est \u00e0 noter que la rencontre s\u2019est sold\u00e9e sur le score de deux buts \u00e0 un en d\u00e9faveur de Vitesse.<\/p>\n<p><strong>Publi\u00e9 dans :<\/strong> <span>Darfalou<\/span><\/p>\n<\/div>\n<p>Auteur:<br \/>\n<a href=\"http:\/\/www.lebuteur.com\/article\/detail?titre=eredivisie-la-blessure-prive-darfalou-de-disputer-les-play-off&#038;id=88952&#038;utm_source=feedburner&#038;utm_medium=feed&#038;utm_campaign=Feed%3A+GalerieFArtciles+%28Les+derniers+articles++-+lebuteur.com%29\">Cliquez ici pour lire l&rsquo;article depuis sa source.<\/a><\/p>\n","protected":false},"excerpt":{"rendered":"<p>Auteur : Riad O. dimanche 19 mai 2019 19:30 Oussama Darfalou n\u2019a pas pris part \u00e0 la rencontre de son team face \u00e0 la formation de Groningen dans le cadre de la demi-finale aller des Play Off de l\u2019Eredivisie. Selon le club de Vitesse, le joueur Alg\u00e9rien souffre d\u2019une blessure au niveau de la cheville. [&hellip;]<\/p>\n","protected":false},"author":1738,"featured_media":35226,"comment_status":"closed","ping_status":"closed","sticky":false,"template":"","format":"standard","meta":{"fifu_image_url":"","fifu_image_alt":"","footnotes":""},"categories":[53,75],"tags":[],"class_list":["post-35225","post","type-post","status-publish","format-standard","has-post-thumbnail","hentry","category-algerie","category-sport"],"_links":{"self":[{"href":"https:\/\/linitiative.ca\/International\/wp-json\/wp\/v2\/posts\/35225","targetHints":{"allow":["GET"]}}],"collection":[{"href":"https:\/\/linitiative.ca\/International\/wp-json\/wp\/v2\/posts"}],"about":[{"href":"https:\/\/linitiative.ca\/International\/wp-json\/wp\/v2\/types\/post"}],"author":[{"embeddable":true,"href":"https:\/\/linitiative.ca\/International\/wp-json\/wp\/v2\/users\/1738"}],"replies":[{"embeddable":true,"href":"https:\/\/linitiative.ca\/International\/wp-json\/wp\/v2\/comments?post=35225"}],"version-history":[{"count":0,"href":"https:\/\/linitiative.ca\/International\/wp-json\/wp\/v2\/posts\/35225\/revisions"}],"wp:featuredmedia":[{"embeddable":true,"href":"https:\/\/linitiative.ca\/International\/wp-json\/"}],"wp:attachment":[{"href":"https:\/\/linitiative.ca\/International\/wp-json\/wp\/v2\/media?parent=35225"}],"wp:term":[{"taxonomy":"category","embeddable":true,"href":"https:\/\/linitiative.ca\/International\/wp-json\/wp\/v2\/categories?post=35225"},{"taxonomy":"post_tag","embeddable":true,"href":"https:\/\/linitiative.ca\/International\/wp-json\/wp\/v2\/tags?post=35225"}],"curies":[{"name":"wp","href":"https:\/\/api.w.org\/{rel}","templated":true}]}}