{"id":35227,"date":"2019-05-19T15:14:17","date_gmt":"2019-05-19T19:14:17","guid":{"rendered":"https:\/\/linitiative.ca\/International\/international-real-la-grave-declaration-de-zidane-a-lencontre-de-bale\/"},"modified":"2019-05-19T15:14:17","modified_gmt":"2019-05-19T19:14:17","slug":"international-real-la-grave-declaration-de-zidane-a-lencontre-de-bale","status":"publish","type":"post","link":"https:\/\/linitiative.ca\/International\/international-real-la-grave-declaration-de-zidane-a-lencontre-de-bale\/","title":{"rendered":"International : Real : La grave d\u00e9claration de Zidane \u00e0 l&rsquo;encontre de Bale"},"content":{"rendered":"<div readability=\"32\">\n<p>Auteur : <span class=\"time\">dimanche 19 mai 2019 19:36<\/span><\/p>\n<\/div>\n<div id=\"post_core\" readability=\"48\">\n<p>Si Gareth Bale se dirige tout droit vers la porte de sortie lors du mercato estival, la d\u00e9claration de Zinedine Zidane \u00e0 l&rsquo;issue de la d\u00e9faite du Real Madrid, ce dimanche face au Betis Seville (0-2), s&rsquo;est voulue on ne peut plus claire. Bale ne fait plus partie de ses plans :<\/p>\n<p>\u00ab\u00a0Je suis d\u00e9sol\u00e9 qu&rsquo;il n&rsquo;ait pas pu jouer aujourd&rsquo;hui. Mais lorsque je consid\u00e8re qu&rsquo;un joueur n&rsquo;a pas sa place dans l&rsquo;\u00e9quipe, je dois faire ce qu&rsquo;il faut pour que tout fonctionne pour le mieux. Personne ne peut changer ce que Bale a fait pour le club, mais en tant qu&rsquo;entra\u00eeneur, je dois vivre dans le pr\u00e9sent. J&rsquo;ai compt\u00e9 sur d&rsquo;autres joueurs ces derni\u00e8res semaines et si j&rsquo;avais eu droit \u00e0 un quatri\u00e8me changement aujourd&rsquo;hui, je ne l&rsquo;aurais pas fait entrer.\u00a0\u00bb Des propos relay\u00e9s par Football.<\/p>\n<p><strong>Publi\u00e9 dans :<\/strong> <span>real madrid<\/span><\/p>\n<\/div>\n<p>Auteur:<br \/>\n<a href=\"http:\/\/www.lebuteur.com\/article\/detail?titre=real-la-grave-declaration-de-zidane-a-lencontre-de-bale&#038;id=88955&#038;utm_source=feedburner&#038;utm_medium=feed&#038;utm_campaign=Feed%3A+GalerieFArtciles+%28Les+derniers+articles++-+lebuteur.com%29\">Cliquez ici pour lire l&rsquo;article depuis sa source.<\/a><\/p>\n","protected":false},"excerpt":{"rendered":"<p>Auteur : dimanche 19 mai 2019 19:36 Si Gareth Bale se dirige tout droit vers la porte de sortie lors du mercato estival, la d\u00e9claration de Zinedine Zidane \u00e0 l&rsquo;issue de la d\u00e9faite du Real Madrid, ce dimanche face au Betis Seville (0-2), s&rsquo;est voulue on ne peut plus claire. Bale ne fait plus partie [&hellip;]<\/p>\n","protected":false},"author":1738,"featured_media":35228,"comment_status":"closed","ping_status":"closed","sticky":false,"template":"","format":"standard","meta":{"fifu_image_url":"","fifu_image_alt":"","footnotes":""},"categories":[53,75],"tags":[],"class_list":["post-35227","post","type-post","status-publish","format-standard","has-post-thumbnail","hentry","category-algerie","category-sport"],"_links":{"self":[{"href":"https:\/\/linitiative.ca\/International\/wp-json\/wp\/v2\/posts\/35227","targetHints":{"allow":["GET"]}}],"collection":[{"href":"https:\/\/linitiative.ca\/International\/wp-json\/wp\/v2\/posts"}],"about":[{"href":"https:\/\/linitiative.ca\/International\/wp-json\/wp\/v2\/types\/post"}],"author":[{"embeddable":true,"href":"https:\/\/linitiative.ca\/International\/wp-json\/wp\/v2\/users\/1738"}],"replies":[{"embeddable":true,"href":"https:\/\/linitiative.ca\/International\/wp-json\/wp\/v2\/comments?post=35227"}],"version-history":[{"count":0,"href":"https:\/\/linitiative.ca\/International\/wp-json\/wp\/v2\/posts\/35227\/revisions"}],"wp:featuredmedia":[{"embeddable":true,"href":"https:\/\/linitiative.ca\/International\/wp-json\/"}],"wp:attachment":[{"href":"https:\/\/linitiative.ca\/International\/wp-json\/wp\/v2\/media?parent=35227"}],"wp:term":[{"taxonomy":"category","embeddable":true,"href":"https:\/\/linitiative.ca\/International\/wp-json\/wp\/v2\/categories?post=35227"},{"taxonomy":"post_tag","embeddable":true,"href":"https:\/\/linitiative.ca\/International\/wp-json\/wp\/v2\/tags?post=35227"}],"curies":[{"name":"wp","href":"https:\/\/api.w.org\/{rel}","templated":true}]}}