{"id":35231,"date":"2019-05-18T19:00:00","date_gmt":"2019-05-18T23:00:00","guid":{"rendered":"https:\/\/linitiative.ca\/International\/presidentielle-74-lettres-dintention-deposees\/"},"modified":"2019-05-18T19:00:00","modified_gmt":"2019-05-18T23:00:00","slug":"presidentielle-74-lettres-dintention-deposees","status":"publish","type":"post","link":"https:\/\/linitiative.ca\/International\/presidentielle-74-lettres-dintention-deposees\/","title":{"rendered":"Pr\u00e9sidentielle : 74 lettres  d\u2019intention d\u00e9pos\u00e9es"},"content":{"rendered":"<p>Le minist\u00e8re de l\u2019Int\u00e9rieur, des Collectivit\u00e9s locales et de l\u2019Am\u00e9nagement du territoire informe que suite\u00a0 \u00e0 la convocation du corps \u00e9lectoral pour le jeudi 4 juillet 2019, le bilan provisoire de la remise des formulaires de souscription de signatures individuelles pour les postulants \u00e0 la candidature \u00e0 l\u2019\u00e9lection de la Pr\u00e9sidence de la R\u00e9publique, arr\u00eat\u00e9 le jeudi\u00a0 16 mai 2019, compte soixante-quatorze (74) lettres d\u2019intention d\u00e9pos\u00e9es.<br \/>Les concern\u00e9s ont pu b\u00e9n\u00e9ficier des quotas\u00a0 de formulaires de souscription, en application\u00a0 des dispositions l\u00e9gales en vigueur et l\u2019op\u00e9ration se d\u00e9roule dans de bonnes conditions.<\/p>\n<p>Auteur: elmoudjahid<br \/>\n<a href=\"http:\/\/www.elmoudjahid.com\/fr\/actualites\/137066\">Cliquez ici pour lire l&rsquo;article depuis sa source.<\/a><\/p>\n","protected":false},"excerpt":{"rendered":"<p>Le minist\u00e8re de l\u2019Int\u00e9rieur, des Collectivit\u00e9s locales et de l\u2019Am\u00e9nagement du territoire informe que suite\u00a0 \u00e0 la convocation du corps \u00e9lectoral pour le jeudi 4 juillet 2019, le bilan provisoire de la remise des formulaires de souscription de signatures individuelles pour les postulants \u00e0 la candidature \u00e0 l\u2019\u00e9lection de la Pr\u00e9sidence de la R\u00e9publique, arr\u00eat\u00e9 [&hellip;]<\/p>\n","protected":false},"author":1744,"featured_media":0,"comment_status":"closed","ping_status":"closed","sticky":false,"template":"","format":"standard","meta":{"fifu_image_url":"","fifu_image_alt":"","footnotes":""},"categories":[73,53],"tags":[],"class_list":["post-35231","post","type-post","status-publish","format-standard","hentry","category-actualite","category-algerie"],"_links":{"self":[{"href":"https:\/\/linitiative.ca\/International\/wp-json\/wp\/v2\/posts\/35231","targetHints":{"allow":["GET"]}}],"collection":[{"href":"https:\/\/linitiative.ca\/International\/wp-json\/wp\/v2\/posts"}],"about":[{"href":"https:\/\/linitiative.ca\/International\/wp-json\/wp\/v2\/types\/post"}],"author":[{"embeddable":true,"href":"https:\/\/linitiative.ca\/International\/wp-json\/wp\/v2\/users\/1744"}],"replies":[{"embeddable":true,"href":"https:\/\/linitiative.ca\/International\/wp-json\/wp\/v2\/comments?post=35231"}],"version-history":[{"count":0,"href":"https:\/\/linitiative.ca\/International\/wp-json\/wp\/v2\/posts\/35231\/revisions"}],"wp:attachment":[{"href":"https:\/\/linitiative.ca\/International\/wp-json\/wp\/v2\/media?parent=35231"}],"wp:term":[{"taxonomy":"category","embeddable":true,"href":"https:\/\/linitiative.ca\/International\/wp-json\/wp\/v2\/categories?post=35231"},{"taxonomy":"post_tag","embeddable":true,"href":"https:\/\/linitiative.ca\/International\/wp-json\/wp\/v2\/tags?post=35231"}],"curies":[{"name":"wp","href":"https:\/\/api.w.org\/{rel}","templated":true}]}}