{"id":35232,"date":"2019-05-18T19:00:00","date_gmt":"2019-05-18T23:00:00","guid":{"rendered":"https:\/\/linitiative.ca\/International\/msp-cohesion-entre-le-hirak-et-linstitution-militaire\/"},"modified":"2019-05-18T19:00:00","modified_gmt":"2019-05-18T23:00:00","slug":"msp-cohesion-entre-le-hirak-et-linstitution-militaire","status":"publish","type":"post","link":"https:\/\/linitiative.ca\/International\/msp-cohesion-entre-le-hirak-et-linstitution-militaire\/","title":{"rendered":"MSP : \u00ab coh\u00e9sion entre le Hirak et l\u2019institution militaire \u00bb"},"content":{"rendered":"<p>Le pr\u00e9sident du Mouvement de la Soci\u00e9t\u00e9 pour la Paix (MSP), Abderrazak Mokri, a d\u00e9clar\u00e9 vendredi soir depuis Biskra que \u00abla coh\u00e9sion entre le Hirak et l\u2019institution militaire est en mesure de permettre l\u2019\u00e9mergence d\u2019une Alg\u00e9rie nouvelle\u00bb. \u00abLa coh\u00e9sion entre la force et la solidit\u00e9 du Hirak, la concr\u00e9tisation de l\u2019engagement de l\u2019arm\u00e9e dans l\u2019accompagnement vers une transition politique respectant la volont\u00e9 du peuple, \u00e0 c\u00f4t\u00e9 de la cristallisation des solutions et propositions de l\u2019\u00e9lite, repr\u00e9sent\u00e9e par les organisations et les partis politiques sont en mesure d\u2019assurer la r\u00e9ussite d\u2019une r\u00e9elle transition vers une Alg\u00e9rie grande et solide \u00aba affirm\u00e9 le responsable politique, lors d\u2019une conf\u00e9rence tenue en marge d\u2019une activit\u00e9 sociale, organis\u00e9e par sa formation politique dans la capitale des Ziban.\u00a0 Abordant la justice et les dossiers de corruption, M. Mokri a pr\u00e9cis\u00e9 que \u00abla traduction en justice des corrompus \u00e9tait difficile si ce n\u2019est le poids du Hirak et de l\u2019institution militaire\u00bb attestant \u00abqu\u2019afin de garantir la lutte contre la corruption, nous devons assurer l\u2019efficacit\u00e9, la p\u00e9rennit\u00e9 de la justice incarn\u00e9es par les institutions\u00bb.<br \/>Il a, dans ce contexte, ajout\u00e9 que \u00abpour renforcer l\u2019int\u00e9grit\u00e9 de la justice et son ind\u00e9pendance il faut lib\u00e9rer le Conseil sup\u00e9rieur de la magistrature du contr\u00f4le de l\u2019ex\u00e9cutif. \u00abLe responsable politique a \u00e9galement indiqu\u00e9 que son parti estime n\u00e9cessaire \u00able respect de la volont\u00e9 du peuple avec le d\u00e9part des trois \u00abB\u00bb, la d\u00e9mission du pr\u00e9sident du Conseil constitutionnel et la nomination d\u2019un nouveau pr\u00e9sident pour ce Conseil et la d\u00e9mission du chef de l\u2019Etat\u00bb.<br \/>Il a poursuivi en consid\u00e9rant que dans une deuxi\u00e8me \u00e9tape, \u00abun dialogue devrait \u00eatre ouvert entre les \u00e9lites et le nouveau pr\u00e9sident pour arriver \u00e0 un compromis sur un gouvernement de consensus, une instance ind\u00e9pendante de surveillance des \u00e9lections, des modifications fondamentales dans le code \u00e9lectoral et la loi sur les partis et le passage \u00e0 une p\u00e9riode de transition de six \u00e0 neuf mois maximum\u00bb. Le pr\u00e9sident du Mouvement de la Soci\u00e9t\u00e9 pour la Paix a \u00e9galement soulign\u00e9 que sa formation politique rejette la discrimination fond\u00e9e sur le r\u00e9gionalisme, l\u2019id\u00e9ologie ou l\u2019appartenance ethnique mettant en avant l\u2019importance du \u00abrespect des composantes du peuple alg\u00e9rien\u00bb.<br \/>Evoquant l\u2019inculpation de la cheffe du Parti des Travailleurs, le m\u00eame responsable a indiqu\u00e9 que \u00abla rencontre entre les personnalit\u00e9s et la consultation en soi ne constituent pas un obstacle juridique, mais le th\u00e8me de ces r\u00e9unions et les r\u00e9sultats qui en d\u00e9coulent demeurent objet de suivi judiciaire\u00bb.<br \/>A signaler que le pr\u00e9sident du mouvement MSP \u00e9tait pr\u00e9sent au complexe touristique Sidi Yahia, \u00e0 l\u2019occasion d\u2019un iftar organis\u00e9 par le bureau de wilaya du MSP regroupant les cadres et les sympathisants de cette formation politique.<\/p>\n<p>Auteur: elmoudjahid<br \/>\n<a href=\"http:\/\/www.elmoudjahid.com\/fr\/actualites\/137067\">Cliquez ici pour lire l&rsquo;article depuis sa source.<\/a><\/p>\n","protected":false},"excerpt":{"rendered":"<p>Le pr\u00e9sident du Mouvement de la Soci\u00e9t\u00e9 pour la Paix (MSP), Abderrazak Mokri, a d\u00e9clar\u00e9 vendredi soir depuis Biskra que \u00abla coh\u00e9sion entre le Hirak et l\u2019institution militaire est en mesure de permettre l\u2019\u00e9mergence d\u2019une Alg\u00e9rie nouvelle\u00bb. \u00abLa coh\u00e9sion entre la force et la solidit\u00e9 du Hirak, la concr\u00e9tisation de l\u2019engagement de l\u2019arm\u00e9e dans l\u2019accompagnement [&hellip;]<\/p>\n","protected":false},"author":1744,"featured_media":0,"comment_status":"closed","ping_status":"closed","sticky":false,"template":"","format":"standard","meta":{"fifu_image_url":"","fifu_image_alt":"","footnotes":""},"categories":[73,53],"tags":[],"class_list":["post-35232","post","type-post","status-publish","format-standard","hentry","category-actualite","category-algerie"],"_links":{"self":[{"href":"https:\/\/linitiative.ca\/International\/wp-json\/wp\/v2\/posts\/35232","targetHints":{"allow":["GET"]}}],"collection":[{"href":"https:\/\/linitiative.ca\/International\/wp-json\/wp\/v2\/posts"}],"about":[{"href":"https:\/\/linitiative.ca\/International\/wp-json\/wp\/v2\/types\/post"}],"author":[{"embeddable":true,"href":"https:\/\/linitiative.ca\/International\/wp-json\/wp\/v2\/users\/1744"}],"replies":[{"embeddable":true,"href":"https:\/\/linitiative.ca\/International\/wp-json\/wp\/v2\/comments?post=35232"}],"version-history":[{"count":0,"href":"https:\/\/linitiative.ca\/International\/wp-json\/wp\/v2\/posts\/35232\/revisions"}],"wp:attachment":[{"href":"https:\/\/linitiative.ca\/International\/wp-json\/wp\/v2\/media?parent=35232"}],"wp:term":[{"taxonomy":"category","embeddable":true,"href":"https:\/\/linitiative.ca\/International\/wp-json\/wp\/v2\/categories?post=35232"},{"taxonomy":"post_tag","embeddable":true,"href":"https:\/\/linitiative.ca\/International\/wp-json\/wp\/v2\/tags?post=35232"}],"curies":[{"name":"wp","href":"https:\/\/api.w.org\/{rel}","templated":true}]}}