{"id":35233,"date":"2019-05-18T19:00:00","date_gmt":"2019-05-18T23:00:00","guid":{"rendered":"https:\/\/linitiative.ca\/International\/ffs-pour-le-dialogue-a-travers-une-conference-souveraine\/"},"modified":"2019-05-18T19:00:00","modified_gmt":"2019-05-18T23:00:00","slug":"ffs-pour-le-dialogue-a-travers-une-conference-souveraine","status":"publish","type":"post","link":"https:\/\/linitiative.ca\/International\/ffs-pour-le-dialogue-a-travers-une-conference-souveraine\/","title":{"rendered":"FFS : \u00ab Pour le dialogue \u00e0 travers  une conf\u00e9rence souveraine \u00bb"},"content":{"rendered":"<p>Le Front des forces socialistes (FFS) a plaid\u00e9 pour un dialogue \u00e0 travers \u00abune conf\u00e9rence souveraine, un pacte politique, une convention nationale de suivi et de contr\u00f4le de la transition\u00bb, en vue de sortir de la crise politique que traverse le pays, a indiqu\u00e9 hier un communiqu\u00e9 du parti \u00e0 l\u2019issue d\u2019une session extraordinaire de son Conseil national. Pour le FFS, \u00abcette proposition est la solution \u00e0 la crise profonde que traverse le pays qui ne se concr\u00e9tisera que par l\u2019\u00e9lection d\u2019une assembl\u00e9e nationale constituante souveraine\u00bb, pr\u00e9cisant que cette assembl\u00e9e \u00abest une institution coll\u00e9giale dont les membres sont les repr\u00e9sentants du peuple librement \u00e9lus\u00bb.\u00a0 Le parti estime que cette initiative vise \u00e0 reconstruire un Etat bas\u00e9 sur \u00abla s\u00e9paration des pouvoirs, l\u2019ind\u00e9pendance de la justice, la non-utilisation de la religion \u00e0 des fins politiques, le respect de tous les pluralismes et des droits humains\u00bb.<br \/>Il a ajout\u00e9, dans le m\u00eame cadre, que les membres de cette institution coll\u00e9giale auront pour mission de \u00abr\u00e9diger une Constitution qui d\u00e9finit l\u2019organisation et le fonctionnement des institutions\u00bb, pr\u00e9cisant que cette constitution \u00absera soumise \u00e0 r\u00e9f\u00e9rendum populaire et une fois \u00e9labor\u00e9e, elle consacrera la rupture d\u00e9finitive avec le r\u00e9gime en place\u00bb Par ailleurs, Sofiane Chioukh, membre de l\u2019Instance pr\u00e9sidentielle, a d\u00e9clar\u00e9 vendredi dernier que \u00able rendez-vous du 4 juillet est utopique, plus personne n\u2019y croit. L\u2019id\u00e9e est de prendre le temps, sans s\u2019\u00e9terniser pour autant, afin de trouver des solutions p\u00e9rennes, \u00e0 savoir l\u2019installation d\u2019institutions solides et repr\u00e9sentatives des Alg\u00e9riens et d\u2019aller \u00e0 des \u00e9lections cr\u00e9dibles et transparentes\u00bb. La d\u00e9claration a \u00e9t\u00e9 faite en marge d\u2019une rencontre nationale avec les \u00e9lus locaux du parti, consacr\u00e9e \u00e0 l\u2019examen de la crise politique actuelle. Tout en pr\u00e9cisant que cette r\u00e9union a cibl\u00e9 les \u00e9lus locaux en tant que \u00abpremier maillon de la R\u00e9publique et de la d\u00e9mocratie comme l\u2019entend le parti\u00bb, l\u2019intervenant a ajout\u00e9 que le message essentiel de ce conclave est celui de dire que le parti est en \u00absymbiose avec la r\u00e9volution pacifique\u00bb que le peuple m\u00e8ne depuis plusieurs semaines. \u00abOn ne voit pas, pour l\u2019heure, de dialogue et de propositions s\u00e9rieux en impliquant toutes les composantes de la soci\u00e9t\u00e9 alg\u00e9rienne. Il faut une visibilit\u00e9 car il n\u2019est pas dans l\u2019int\u00e9r\u00eat de l\u2019Alg\u00e9rie que cette situation s\u2019\u00e9ternise\u00bb, a-t-il averti. Tout en se f\u00e9licitant de la nature \u00abpacifique\u00bb de la contestation populaire, le membre dirigeant du FFS a not\u00e9 \u00e9galement \u00abl\u2019ing\u00e9niosit\u00e9\u00bb et la \u00ab maturit\u00e9\u00bb qui caract\u00e9risent les slogans brandis par les manifestants, consid\u00e9rant que ces derniers sont \u00aben train de prouver un \u00e9veil politique \u00e0 m\u00eame de susciter l\u2019espoir\u00bb. Le Pr Chioukh a, \u00e0 ce propos, tenu \u00e0 relever que \u00ables solutions politiques propos\u00e9es par le FFS depuis 1963, et face auxquelles le pouvoir a toujours \u00e9t\u00e9 autiste, sont actuellement \u00e0 l\u2019ordre du jour\u00bb, \u00e0 travers les revendications de la rue, rappelant notamment celles li\u00e9es \u00e0 l\u2019ouverture d\u2019une conf\u00e9rence nationale de consensus devant aboutir \u00e0 \u00abun projet national qui r\u00e9ponde aux aspirations de tous les Alg\u00e9riens\u00bb. De m\u00eame que la mise en place d\u2019une IIe R\u00e9publique ainsi qu\u2019une Constituante repr\u00e9sentative des diff\u00e9rents courants politiques et souverainement \u00e9lue par le peuple.<\/p>\n<p>Auteur: elmoudjahid<br \/>\n<a href=\"http:\/\/www.elmoudjahid.com\/fr\/actualites\/137068\">Cliquez ici pour lire l&rsquo;article depuis sa source.<\/a><\/p>\n","protected":false},"excerpt":{"rendered":"<p>Le Front des forces socialistes (FFS) a plaid\u00e9 pour un dialogue \u00e0 travers \u00abune conf\u00e9rence souveraine, un pacte politique, une convention nationale de suivi et de contr\u00f4le de la transition\u00bb, en vue de sortir de la crise politique que traverse le pays, a indiqu\u00e9 hier un communiqu\u00e9 du parti \u00e0 l\u2019issue d\u2019une session extraordinaire de [&hellip;]<\/p>\n","protected":false},"author":1744,"featured_media":0,"comment_status":"closed","ping_status":"closed","sticky":false,"template":"","format":"standard","meta":{"fifu_image_url":"","fifu_image_alt":"","footnotes":""},"categories":[73,53],"tags":[],"class_list":["post-35233","post","type-post","status-publish","format-standard","hentry","category-actualite","category-algerie"],"_links":{"self":[{"href":"https:\/\/linitiative.ca\/International\/wp-json\/wp\/v2\/posts\/35233","targetHints":{"allow":["GET"]}}],"collection":[{"href":"https:\/\/linitiative.ca\/International\/wp-json\/wp\/v2\/posts"}],"about":[{"href":"https:\/\/linitiative.ca\/International\/wp-json\/wp\/v2\/types\/post"}],"author":[{"embeddable":true,"href":"https:\/\/linitiative.ca\/International\/wp-json\/wp\/v2\/users\/1744"}],"replies":[{"embeddable":true,"href":"https:\/\/linitiative.ca\/International\/wp-json\/wp\/v2\/comments?post=35233"}],"version-history":[{"count":0,"href":"https:\/\/linitiative.ca\/International\/wp-json\/wp\/v2\/posts\/35233\/revisions"}],"wp:attachment":[{"href":"https:\/\/linitiative.ca\/International\/wp-json\/wp\/v2\/media?parent=35233"}],"wp:term":[{"taxonomy":"category","embeddable":true,"href":"https:\/\/linitiative.ca\/International\/wp-json\/wp\/v2\/categories?post=35233"},{"taxonomy":"post_tag","embeddable":true,"href":"https:\/\/linitiative.ca\/International\/wp-json\/wp\/v2\/tags?post=35233"}],"curies":[{"name":"wp","href":"https:\/\/api.w.org\/{rel}","templated":true}]}}