{"id":35234,"date":"2019-05-18T19:00:00","date_gmt":"2019-05-18T23:00:00","guid":{"rendered":"https:\/\/linitiative.ca\/International\/personnalites-appel-pour-une-solution-consensuelle\/"},"modified":"2019-05-18T19:00:00","modified_gmt":"2019-05-18T23:00:00","slug":"personnalites-appel-pour-une-solution-consensuelle","status":"publish","type":"post","link":"https:\/\/linitiative.ca\/International\/personnalites-appel-pour-une-solution-consensuelle\/","title":{"rendered":"Personnalit\u00e9s : Appel pour une solution consensuelle"},"content":{"rendered":"<p>Depuis la d\u00e9mission de Bouteflika de son poste de pr\u00e9sident de la R\u00e9publique, le 2 avril dernier, une situation de blocage a pris progressivement forme. Car entre la voie constitutionnelle opt\u00e9e (contre vents et mar\u00e9es) par le pouvoir en place et la solution politique, il semble bien que le peuple alg\u00e9rien, du moins la majorit\u00e9, a fait son choix.<br \/>En attendant, des solutions de sortie de crise sont propos\u00e9es par des personnalit\u00e9s politiques qui veulent apporter leur contribution. La derni\u00e8re en date \u00e9manant de Ali Yahia Abdenour, l\u2019infatigable militant des droits humains, avocat de son \u00e9tat, Ahmed Taleb Ibrahimi, l\u2019ancien ministre, et Rachid Benyelles, g\u00e9n\u00e9ral \u00e0 la retraite, dont le texte int\u00e9gral a \u00e9t\u00e9 publi\u00e9 hier par TSA.<br \/>Les trois hommes ont, en effet, rendu public, hier, une d\u00e9claration intitul\u00e9e \u2018\u2018Appel pour une solution consensuelle\u2019\u2019 dans laquelle, ils appellent au report des pr\u00e9sidentielles du 4 juillet et plaident pour une de transition de \u00abcourte\u00bb dur\u00e9e, conduite par des hommes et des femmes \u00abn\u2019ayant jamais\u00bb appartenu au syst\u00e8me \u00abprofond\u00e9ment corrompu\u00bb des vingt derni\u00e8res ann\u00e9es. \u00abCette p\u00e9riode est n\u00e9cessaire pour mettre en place les m\u00e9canismes et dispositions permettant au peuple souverain d\u2019exprimer librement et d\u00e9mocratiquement son choix \u00e0 travers les urnes, un processus qui va dans le sens de l\u2019histoire, et que rien, ni personne ne saurait arr\u00eater\u00bb, expliquent-il en affirmant qu\u2019apr\u00e8s avoir \u00abobtenu\u00bb la d\u00e9mission \u00abforc\u00e9e\u00bb du pr\u00e9sident-candidat \u00abmoribond\u00bb, les manifestants dont le nombre a atteint des sommets \u00abhistoriques\u00bb, exigent d\u00e9sormais l\u2019instauration d\u2019un \u00c9tat de droit et d\u2019une \u00abv\u00e9ritable\u00bb d\u00e9mocratie. Par cons\u00e9quent, les trois hommes invitent ouvertement et d\u2019une mani\u00e8re pressante le Commandement de l\u2019Arm\u00e9e nationale populaire \u00e0 nouer un dialogue \u00abfranc\u00bb et \u00abhonn\u00eate\u00bb avec des figures \u00abrepr\u00e9sentatives\u00bb du mouvement citoyen, en branle depuis le 22 f\u00e9vrier dernier, des partis et des forces politiques et sociales qui le soutiennent, afin, soulignent-ils, de trouver \u00abau plus vite\u00bb une solution politique \u00abconsensuelle\u00bb en mesure de \u00abr\u00e9pondre\u00bb aux aspirations populaires \u00abl\u00e9gitimes\u00bb qui s\u2019expriment quotidiennement depuis bient\u00f4t trois mois. Ali Yahia Abdenour, Ahmed Taleb Ibrahimi et le g\u00e9n\u00e9ral Rachid Benyelles estiment que la situation de \u00abblocage\u00bb, porteuse d\u2019ailleurs de \u00abgraves\u00bb dangers dans une situation r\u00e9gionale \u00abtendue\u00bb et traduite par le maintien de la date du 4 juillet pour la tenue des \u00e9lections pr\u00e9sidentielles, ne pourra que \u00abretarder\u00bb l\u2019av\u00e8nement \u00abin\u00e9luctable\u00bb d\u2019une \u00abnouvelle\u00bb R\u00e9publique. Ils imaginent, de ce fait, mal un scrutin libre et honn\u00eate alors qu\u2019il est, \u00e0 leur yeux, \u00abd\u2019ores et d\u00e9j\u00e0 rejet\u00e9\u00bb par \u00abl\u2019immense majorit\u00e9\u00bb de la population parce qu\u2019organis\u00e9 par des institutions \u00abencore\u00bb aux mains de forces \u00abdisqualifi\u00e9es\u00bb et \u00aboppos\u00e9es\u00bb \u00e0 tout changement salutaire. \u00abLe 22 f\u00e9vrier 2019, des millions d\u2019Alg\u00e9riens, toutes classes sociales et tous \u00e2ges confondus, sont sortis dans les rues de l\u2019ensemble des grandes villes du pays pour manifester pacifiquement, crier leur col\u00e8re et refuser l\u2019humiliation qu\u2019un pouvoir arrogant et s\u00fbr de lui, voulait encore leur faire subir en annon\u00e7ant la candidature pour un cinqui\u00e8me mandat, d\u2019un homme qui vit \u00e0 l\u2019\u00e9tat v\u00e9g\u00e9tatif depuis cinq ans. Par leur caract\u00e8re massif et strictement pacifique, les manifestations grandioses de ces treize derni\u00e8res semaines ont forc\u00e9 l\u2019admiration du monde entier et nous ont rendu notre dignit\u00e9 trop longtemps bafou\u00e9e, comme elles nous ont permis de recouvrer notre fiert\u00e9 d\u2019appartenir \u00e0 une grande nation.<br \/>Elles auront \u00e9galement fortement contribu\u00e9 \u00e0 renforcer l\u2019unit\u00e9 nationale et la volont\u00e9 du vivre ensemble, quelles que soient nos diff\u00e9rences politiques, et nos sensibilit\u00e9s culturelles ou doctrinaires\u00bb, rappellent les signataires de la d\u00e9claration.\u00a0 \u00a0<br \/>S. A. M.<\/p>\n<p>Auteur: elmoudjahid<br \/>\n<a href=\"http:\/\/www.elmoudjahid.com\/fr\/actualites\/137069\">Cliquez ici pour lire l&rsquo;article depuis sa source.<\/a><\/p>\n","protected":false},"excerpt":{"rendered":"<p>Depuis la d\u00e9mission de Bouteflika de son poste de pr\u00e9sident de la R\u00e9publique, le 2 avril dernier, une situation de blocage a pris progressivement forme. Car entre la voie constitutionnelle opt\u00e9e (contre vents et mar\u00e9es) par le pouvoir en place et la solution politique, il semble bien que le peuple alg\u00e9rien, du moins la majorit\u00e9, [&hellip;]<\/p>\n","protected":false},"author":1744,"featured_media":0,"comment_status":"closed","ping_status":"closed","sticky":false,"template":"","format":"standard","meta":{"fifu_image_url":"","fifu_image_alt":"","footnotes":""},"categories":[73,53],"tags":[],"class_list":["post-35234","post","type-post","status-publish","format-standard","hentry","category-actualite","category-algerie"],"_links":{"self":[{"href":"https:\/\/linitiative.ca\/International\/wp-json\/wp\/v2\/posts\/35234","targetHints":{"allow":["GET"]}}],"collection":[{"href":"https:\/\/linitiative.ca\/International\/wp-json\/wp\/v2\/posts"}],"about":[{"href":"https:\/\/linitiative.ca\/International\/wp-json\/wp\/v2\/types\/post"}],"author":[{"embeddable":true,"href":"https:\/\/linitiative.ca\/International\/wp-json\/wp\/v2\/users\/1744"}],"replies":[{"embeddable":true,"href":"https:\/\/linitiative.ca\/International\/wp-json\/wp\/v2\/comments?post=35234"}],"version-history":[{"count":0,"href":"https:\/\/linitiative.ca\/International\/wp-json\/wp\/v2\/posts\/35234\/revisions"}],"wp:attachment":[{"href":"https:\/\/linitiative.ca\/International\/wp-json\/wp\/v2\/media?parent=35234"}],"wp:term":[{"taxonomy":"category","embeddable":true,"href":"https:\/\/linitiative.ca\/International\/wp-json\/wp\/v2\/categories?post=35234"},{"taxonomy":"post_tag","embeddable":true,"href":"https:\/\/linitiative.ca\/International\/wp-json\/wp\/v2\/tags?post=35234"}],"curies":[{"name":"wp","href":"https:\/\/api.w.org\/{rel}","templated":true}]}}