{"id":35235,"date":"2019-05-18T19:00:00","date_gmt":"2019-05-18T23:00:00","guid":{"rendered":"https:\/\/linitiative.ca\/International\/commentaire-agir-differemment\/"},"modified":"2019-05-18T19:00:00","modified_gmt":"2019-05-18T23:00:00","slug":"commentaire-agir-differemment","status":"publish","type":"post","link":"https:\/\/linitiative.ca\/International\/commentaire-agir-differemment\/","title":{"rendered":"Commentaire  : Agir diff\u00e9remment"},"content":{"rendered":"<p>Il n\u2019a pas de semaine qui passe sans que des personnalit\u00e9s et des partis n\u2019appellent au dialogue pour s\u2019asseoir \u00e0 la table de n\u00e9gociation et engager un d\u00e9bat sur les modalit\u00e9s de sortie de crise qui ne devrait plus, selon eux, se prolonger davantage car chaque jour de plus dans l\u2019incertitude complique davantage toute solution consensuelle.<br \/>Actuellement, deux conceptions sont en vogue. Il y a d\u2019abord les tenants d\u2019une solution constitutionnelle passant par une \u00e9lection pr\u00e9sidentielle le 4 juillet pour lesquelles 74 lettres d\u2019intention ont \u00e9t\u00e9 d\u00e9pos\u00e9es au minist\u00e8re de l\u2019Int\u00e9rieur, la plupart venant de candidats ind\u00e9pendants.<br \/>Les partis, hormis trois d\u2019entre eux, ont d\u00e9j\u00e0 rejet\u00e9 la tenue du scrutin ou sont encore dans l\u2019expectative. Quelques-uns d\u2019entre eux se r\u00e9f\u00e8rent explicitement aux revendications populaires car les manifestants int\u00e8grent dans leur demande le d\u00e9part de tous les symboles du syst\u00e8me avant d\u2019envisager toute autre sorte de solution.<br \/>Dans le prolongement de cette logique, beaucoup insistent sur la n\u00e9cessit\u00e9 d\u2019une p\u00e9riode de transition qui devra donner lieu \u00e0 l\u2019\u00e9laboration d\u2019une feuille de route pour une sortie de crise et la d\u00e9signation d\u2019un gouvernement de transition.<br \/>Ce ne serait qu\u2019une fois ces proc\u00e9dures \u00e9tablies, que les modalit\u00e9s d\u2019organisation d\u2019une \u00e9lection pr\u00e9sidentielle serait d\u00e9finie avec, au pr\u00e9alable, la cr\u00e9ation d\u2019une commission ind\u00e9pendance d\u2019organisation des \u00e9lections et l\u2019amendement du code \u00e9lectoral.<br \/>Dans l\u2019\u00e9tat actuel des choses, d\u2019autres actions mettent en jeu l\u2019organisation du scrutin \u00e0 l\u2019image du refus de certains \u00e9lus locaux et de magistrats d\u2019encadrer l\u2019op\u00e9ration.<br \/>Une fois que partis et personnalit\u00e9s ont ainsi trac\u00e9 leurs strat\u00e9gies respectives, il reste encore \u00e0 tenir compte de l\u2019avis d\u2019un acteur de poids qui a fait son apparition dans le paysage politique avec comme objectif d\u2019avoir voix au chapitre lorsqu\u2019il s\u2019agit des dossiers qui engagent l\u2019avenir du pays. Or, il y a un \u00e9cueil de taille qui a emp\u00each\u00e9 jusqu\u2019\u00e0 pr\u00e9sent le mouvement populaire, au bout de plusieurs semaines de contestation, de disposer d\u2019une quelconque repr\u00e9sentation pour porter ses revendications devant d\u2019autres partis. C\u2019est pour cette raison qu\u2019a \u00e9t\u00e9 mise en avant l\u2019importance de choisir des repr\u00e9sentants pour des rencontres qui n\u2019ont d\u2019ailleurs pas \u00e9t\u00e9 rejet\u00e9es par le gouvernement, afin d\u2019\u00e9tablir un dialogue et des \u00e9changes. Ce serait l\u00e0 une nouvelle phase pour \u00e9laborer une feuille de route pour r\u00e9aliser la principale revendication qui est le changement de tout le syst\u00e8me.<br \/>Si la rue rejette actuellement qu\u2019on la repr\u00e9sente, les appels en faveur de cette option ne manquent pas pour agir diff\u00e9remment et mettre fin au statu quo.<br \/>Plus le temps passe, plus les revendications augmentent et les solutions deviennent difficiles, avait affirm\u00e9 r\u00e9cemment un ancien chef de gouvernement.<br \/><strong>A. M.<\/strong><\/p>\n<p>Auteur: elmoudjahid<br \/>\n<a href=\"http:\/\/www.elmoudjahid.com\/fr\/actualites\/137070\">Cliquez ici pour lire l&rsquo;article depuis sa source.<\/a><\/p>\n","protected":false},"excerpt":{"rendered":"<p>Il n\u2019a pas de semaine qui passe sans que des personnalit\u00e9s et des partis n\u2019appellent au dialogue pour s\u2019asseoir \u00e0 la table de n\u00e9gociation et engager un d\u00e9bat sur les modalit\u00e9s de sortie de crise qui ne devrait plus, selon eux, se prolonger davantage car chaque jour de plus dans l\u2019incertitude complique davantage toute solution [&hellip;]<\/p>\n","protected":false},"author":1744,"featured_media":0,"comment_status":"closed","ping_status":"closed","sticky":false,"template":"","format":"standard","meta":{"fifu_image_url":"","fifu_image_alt":"","footnotes":""},"categories":[73,53],"tags":[],"class_list":["post-35235","post","type-post","status-publish","format-standard","hentry","category-actualite","category-algerie"],"_links":{"self":[{"href":"https:\/\/linitiative.ca\/International\/wp-json\/wp\/v2\/posts\/35235","targetHints":{"allow":["GET"]}}],"collection":[{"href":"https:\/\/linitiative.ca\/International\/wp-json\/wp\/v2\/posts"}],"about":[{"href":"https:\/\/linitiative.ca\/International\/wp-json\/wp\/v2\/types\/post"}],"author":[{"embeddable":true,"href":"https:\/\/linitiative.ca\/International\/wp-json\/wp\/v2\/users\/1744"}],"replies":[{"embeddable":true,"href":"https:\/\/linitiative.ca\/International\/wp-json\/wp\/v2\/comments?post=35235"}],"version-history":[{"count":0,"href":"https:\/\/linitiative.ca\/International\/wp-json\/wp\/v2\/posts\/35235\/revisions"}],"wp:attachment":[{"href":"https:\/\/linitiative.ca\/International\/wp-json\/wp\/v2\/media?parent=35235"}],"wp:term":[{"taxonomy":"category","embeddable":true,"href":"https:\/\/linitiative.ca\/International\/wp-json\/wp\/v2\/categories?post=35235"},{"taxonomy":"post_tag","embeddable":true,"href":"https:\/\/linitiative.ca\/International\/wp-json\/wp\/v2\/tags?post=35235"}],"curies":[{"name":"wp","href":"https:\/\/api.w.org\/{rel}","templated":true}]}}