{"id":35237,"date":"2019-05-18T19:00:00","date_gmt":"2019-05-18T23:00:00","guid":{"rendered":"https:\/\/linitiative.ca\/International\/feghouli-renait-de-ses-cendres-en-turquie\/"},"modified":"2019-05-18T19:00:00","modified_gmt":"2019-05-18T23:00:00","slug":"feghouli-renait-de-ses-cendres-en-turquie","status":"publish","type":"post","link":"https:\/\/linitiative.ca\/International\/feghouli-renait-de-ses-cendres-en-turquie\/","title":{"rendered":"Feghouli rena\u00eet  de ses cendres en Turquie"},"content":{"rendered":"<p>Auteur d\u2019une saison remarquable, Sofiane Feghouli semble rena\u00eetre de ses cendres en Turquie. Apr\u00e8s une exp\u00e9rience rat\u00e9e \u00e0 West Ham (Angleterre) et une p\u00e9riode d\u2019adaptation plus ou moins longue en S\u00fcper Lig, il s\u2019affirme comme un leader incontestable au sein de la formation de Galatasaray SK. Il s\u2019est particuli\u00e8rement illustr\u00e9, mercredi dernier, \u00e0 l\u2019occasion de la finale de la coupe de Turquie. L\u2019international Alg\u00e9rien a \u00e9t\u00e9 l\u2019auteur du but de la victoire dans les toutes derni\u00e8res minutes de cette partie, face \u00e0 Akhisar Belediye (2-1). Une r\u00e9alisation qui lui a valu les hommages de pratiquement toute la presse sp\u00e9cialis\u00e9e du monde, notamment europ\u00e9enne. Ce soir, Feghouli aura l\u2019occasion de d\u00e9crocher le doubl\u00e9 avec son \u00e9quipe. En effet, Galatasaray accueille la formation d\u2019Istabul BB, pour un derby qui s\u2019annonce explosif \u00e0 l\u2019occasion de l\u2019avant derni\u00e8re journ\u00e9e de championnat. Les deux adversaires du jour occupent la t\u00eate du classement avec un total de 66 points, \u00e0 quatre longueurs du premier poursuivant Besiktas. En cas de succ\u00e8s, les \u00abCimbom\u00bb d\u00e9crocheront leur 22e titre de champion. Au match aller, les deux \u00e9quipe s\u2019\u00e9taient s\u00e9par\u00e9es sur le score de parit\u00e9 de un partout. En Espagne, ou il a d\u00e9j\u00e0 \u00e9volu\u00e9 au sein des formations de Valence FC et de l\u2019UD Alm\u00e9ria, Feghouli, auteur de 7 buts et 6 passes d\u00e9cisives cette saison, int\u00e9resse pas mal de clubs. La presse ib\u00e9rique a fait part cette semaine de l\u2019int\u00e9r\u00eat de trois formations, la Liga en particulier. Le FC Seville, Girona FC et l\u2019Espagnol de Barcelone seraient pr\u00eats \u00e0 mettre le paquet pour s\u2019adjuger les services du milieu de terrain offensif alg\u00e9rien. A souligner que Feghouli, bient\u00f4t trente ans, est sous contrat avec Galatasaray SK jusqu\u2019en juin 2021. Son transfert \u00e0 cout\u00e9 4,5 millions d\u2019euros au club turc et un salaire annuel de 3,5 millions d\u2019euros sans compter les primes.<br \/>La formation istanbuliote a failli le c\u00e9der l\u2019ann\u00e9e derni\u00e8re au club saoudien d\u2019Al Hilal pour la somme de 5,5 millions d\u2019euros, a revu \u00e0 la hausse ses exigences. Le pr\u00e9sident du club Mustafa Cengiz a annonc\u00e9 qu\u2019il ne laisserait pas partir Feghouli pour une somme inf\u00e9rieure \u00e0 15 millions d\u2019euros. Son prix pourrait encore augmenter s\u2019il r\u00e9alise une bonne CAN avec les Verts.<br \/>\u00a0R\u00e9dha M.<br \/>\u00a0<\/p>\n<p>Auteur: elmoudjahid<br \/>\n<a href=\"http:\/\/www.elmoudjahid.com\/fr\/actualites\/137072\">Cliquez ici pour lire l&rsquo;article depuis sa source.<\/a><\/p>\n","protected":false},"excerpt":{"rendered":"<p>Auteur d\u2019une saison remarquable, Sofiane Feghouli semble rena\u00eetre de ses cendres en Turquie. Apr\u00e8s une exp\u00e9rience rat\u00e9e \u00e0 West Ham (Angleterre) et une p\u00e9riode d\u2019adaptation plus ou moins longue en S\u00fcper Lig, il s\u2019affirme comme un leader incontestable au sein de la formation de Galatasaray SK. Il s\u2019est particuli\u00e8rement illustr\u00e9, mercredi dernier, \u00e0 l\u2019occasion de [&hellip;]<\/p>\n","protected":false},"author":1744,"featured_media":0,"comment_status":"closed","ping_status":"closed","sticky":false,"template":"","format":"standard","meta":{"fifu_image_url":"","fifu_image_alt":"","footnotes":""},"categories":[73,53],"tags":[],"class_list":["post-35237","post","type-post","status-publish","format-standard","hentry","category-actualite","category-algerie"],"_links":{"self":[{"href":"https:\/\/linitiative.ca\/International\/wp-json\/wp\/v2\/posts\/35237","targetHints":{"allow":["GET"]}}],"collection":[{"href":"https:\/\/linitiative.ca\/International\/wp-json\/wp\/v2\/posts"}],"about":[{"href":"https:\/\/linitiative.ca\/International\/wp-json\/wp\/v2\/types\/post"}],"author":[{"embeddable":true,"href":"https:\/\/linitiative.ca\/International\/wp-json\/wp\/v2\/users\/1744"}],"replies":[{"embeddable":true,"href":"https:\/\/linitiative.ca\/International\/wp-json\/wp\/v2\/comments?post=35237"}],"version-history":[{"count":0,"href":"https:\/\/linitiative.ca\/International\/wp-json\/wp\/v2\/posts\/35237\/revisions"}],"wp:attachment":[{"href":"https:\/\/linitiative.ca\/International\/wp-json\/wp\/v2\/media?parent=35237"}],"wp:term":[{"taxonomy":"category","embeddable":true,"href":"https:\/\/linitiative.ca\/International\/wp-json\/wp\/v2\/categories?post=35237"},{"taxonomy":"post_tag","embeddable":true,"href":"https:\/\/linitiative.ca\/International\/wp-json\/wp\/v2\/tags?post=35237"}],"curies":[{"name":"wp","href":"https:\/\/api.w.org\/{rel}","templated":true}]}}