{"id":35239,"date":"2019-05-18T19:00:00","date_gmt":"2019-05-18T23:00:00","guid":{"rendered":"https:\/\/linitiative.ca\/International\/signature-dune-convention-entre-les-federations-de-rugby-et-de-sport-scolaire\/"},"modified":"2019-05-18T19:00:00","modified_gmt":"2019-05-18T23:00:00","slug":"signature-dune-convention-entre-les-federations-de-rugby-et-de-sport-scolaire","status":"publish","type":"post","link":"https:\/\/linitiative.ca\/International\/signature-dune-convention-entre-les-federations-de-rugby-et-de-sport-scolaire\/","title":{"rendered":"Signature d\u2019une convention entre les f\u00e9d\u00e9rations de rugby et de sport scolaire"},"content":{"rendered":"<p>La F\u00e9d\u00e9ration alg\u00e9rienne de rugby a sign\u00e9 une convention de partenariat avec son homologue de sport scolaire, car convaincue de pouvoir d\u00e9tecter de nouveaux jeunes talents au niveau des \u00e9coles. Cette convention a \u00e9t\u00e9 paraph\u00e9e jeudi soir \u00e0 Alger, en marge de l&rsquo;Assembl\u00e9e g\u00e9n\u00e9rale du COA. \u00abNous avons sign\u00e9 des conventions avec plusieurs f\u00e9d\u00e9rations sportives et c&rsquo;est avec joie que le rugby vient s&rsquo;ajouter \u00e0 cette longue liste, car c&rsquo;est une discipline sportive que nous esp\u00e9rons vulgariser au niveau des \u00e9coles\u00bb a expliqu\u00e9 le pr\u00e9sident de la F\u00e9d\u00e9ration alg\u00e9rienne de sport scolaire, Abdelhafid Izem, ajoutant que \u00abla pratique du rugby ne n\u00e9cessite pas beaucoup de moyens p\u00e9dagogiques\u00bb faisant qu&rsquo;elle \u00abpeut-\u00eatre pratiqu\u00e9e dans les \u00e9coles\u00bb, sans aucun probl\u00e8me. De son c\u00f4t\u00e9, le pr\u00e9sident de la F\u00e9d\u00e9ration de rugby, Sofiane Benhassan a indiqu\u00e9 qu&rsquo;en Nouvelle-Z\u00e9lande \u00able rugby est consid\u00e9r\u00e9 comme n&rsquo;importe quelle autre mati\u00e8re d&rsquo;\u00e9tude, et il s&rsquo;int\u00e8gre dans le cursus scolaire des enfants d\u00e8s le plus jeune \u00e2ge\u00bb. La F\u00e9d\u00e9ration de sport scolaire a d\u00e9j\u00e0 sign\u00e9 des conventions similaires avec ses homologue de Lutte, de Karat\u00e9, de tennis de table, des \u00e9checs et de taekwondo et compte signer prochainement avec d&rsquo;autres f\u00e9d\u00e9rations sportives entre autres celles de football et d&rsquo;athl\u00e9tisme. \u00a0<br \/>\u00a0<\/p>\n<p>Auteur: elmoudjahid<br \/>\n<a href=\"http:\/\/www.elmoudjahid.com\/fr\/actualites\/137074\">Cliquez ici pour lire l&rsquo;article depuis sa source.<\/a><\/p>\n","protected":false},"excerpt":{"rendered":"<p>La F\u00e9d\u00e9ration alg\u00e9rienne de rugby a sign\u00e9 une convention de partenariat avec son homologue de sport scolaire, car convaincue de pouvoir d\u00e9tecter de nouveaux jeunes talents au niveau des \u00e9coles. Cette convention a \u00e9t\u00e9 paraph\u00e9e jeudi soir \u00e0 Alger, en marge de l&rsquo;Assembl\u00e9e g\u00e9n\u00e9rale du COA. \u00abNous avons sign\u00e9 des conventions avec plusieurs f\u00e9d\u00e9rations sportives [&hellip;]<\/p>\n","protected":false},"author":1744,"featured_media":0,"comment_status":"closed","ping_status":"closed","sticky":false,"template":"","format":"standard","meta":{"fifu_image_url":"","fifu_image_alt":"","footnotes":""},"categories":[73,53],"tags":[],"class_list":["post-35239","post","type-post","status-publish","format-standard","hentry","category-actualite","category-algerie"],"_links":{"self":[{"href":"https:\/\/linitiative.ca\/International\/wp-json\/wp\/v2\/posts\/35239","targetHints":{"allow":["GET"]}}],"collection":[{"href":"https:\/\/linitiative.ca\/International\/wp-json\/wp\/v2\/posts"}],"about":[{"href":"https:\/\/linitiative.ca\/International\/wp-json\/wp\/v2\/types\/post"}],"author":[{"embeddable":true,"href":"https:\/\/linitiative.ca\/International\/wp-json\/wp\/v2\/users\/1744"}],"replies":[{"embeddable":true,"href":"https:\/\/linitiative.ca\/International\/wp-json\/wp\/v2\/comments?post=35239"}],"version-history":[{"count":0,"href":"https:\/\/linitiative.ca\/International\/wp-json\/wp\/v2\/posts\/35239\/revisions"}],"wp:attachment":[{"href":"https:\/\/linitiative.ca\/International\/wp-json\/wp\/v2\/media?parent=35239"}],"wp:term":[{"taxonomy":"category","embeddable":true,"href":"https:\/\/linitiative.ca\/International\/wp-json\/wp\/v2\/categories?post=35239"},{"taxonomy":"post_tag","embeddable":true,"href":"https:\/\/linitiative.ca\/International\/wp-json\/wp\/v2\/tags?post=35239"}],"curies":[{"name":"wp","href":"https:\/\/api.w.org\/{rel}","templated":true}]}}