{"id":35240,"date":"2019-05-18T19:00:00","date_gmt":"2019-05-18T23:00:00","guid":{"rendered":"https:\/\/linitiative.ca\/International\/direction-generale-des-douanes-nomination-de-quatre-nouveaux-cadres\/"},"modified":"2019-05-18T19:00:00","modified_gmt":"2019-05-18T23:00:00","slug":"direction-generale-des-douanes-nomination-de-quatre-nouveaux-cadres","status":"publish","type":"post","link":"https:\/\/linitiative.ca\/International\/direction-generale-des-douanes-nomination-de-quatre-nouveaux-cadres\/","title":{"rendered":"Direction g\u00e9n\u00e9rale des Douanes  : Nomination de quatre nouveaux cadres"},"content":{"rendered":"<p>Quatre nouveaux cadres ont \u00e9t\u00e9 nomm\u00e9s hier \u00e0 la Direction g\u00e9n\u00e9rale des Douanes, indique un communiqu\u00e9 de la Pr\u00e9sidence de la R\u00e9publique. \u00ab\u00a0Il a \u00e9t\u00e9 proc\u00e9d\u00e9, ce jour, samedi 18 mai, \u00e0 la nomination de quatre cadres \u00e0 la Direction g\u00e9n\u00e9rale des Douanes. Il s&rsquo;agit de :\u00a0 M. Khiari Sofiane, en qualit\u00e9 de directeur du renseignement et de la gestion des crises, en remplacement de M. Meliani Omar, dont il a \u00e9t\u00e9 mis fin aux fonctions.\u00a0 &#8211; Mme Djedjig Lila, directrice centrale du contentieux et encadrement des recettes, en remplacement de M. Abalou Ibrahim, qui a \u00e9t\u00e9 mis fin aux fonctions.\u00a0 &#8211; MM. Sid Larbi et Issolah Noureddine en qualit\u00e9 de directeurs d&rsquo;\u00e9tudes et il a \u00e9t\u00e9 mis fin aux fonctions de MM. Berdjoudj Hakim et Fellah Nacer, en m\u00eame qualit\u00e9\u00a0\u00bb, pr\u00e9cise la m\u00eame source.<br \/>\u00a0<\/p>\n<p>Auteur: elmoudjahid<br \/>\n<a href=\"http:\/\/www.elmoudjahid.com\/fr\/actualites\/137075\">Cliquez ici pour lire l&rsquo;article depuis sa source.<\/a><\/p>\n","protected":false},"excerpt":{"rendered":"<p>Quatre nouveaux cadres ont \u00e9t\u00e9 nomm\u00e9s hier \u00e0 la Direction g\u00e9n\u00e9rale des Douanes, indique un communiqu\u00e9 de la Pr\u00e9sidence de la R\u00e9publique. \u00ab\u00a0Il a \u00e9t\u00e9 proc\u00e9d\u00e9, ce jour, samedi 18 mai, \u00e0 la nomination de quatre cadres \u00e0 la Direction g\u00e9n\u00e9rale des Douanes. Il s&rsquo;agit de :\u00a0 M. Khiari Sofiane, en qualit\u00e9 de directeur du [&hellip;]<\/p>\n","protected":false},"author":1744,"featured_media":0,"comment_status":"closed","ping_status":"closed","sticky":false,"template":"","format":"standard","meta":{"fifu_image_url":"","fifu_image_alt":"","footnotes":""},"categories":[73,53],"tags":[],"class_list":["post-35240","post","type-post","status-publish","format-standard","hentry","category-actualite","category-algerie"],"_links":{"self":[{"href":"https:\/\/linitiative.ca\/International\/wp-json\/wp\/v2\/posts\/35240","targetHints":{"allow":["GET"]}}],"collection":[{"href":"https:\/\/linitiative.ca\/International\/wp-json\/wp\/v2\/posts"}],"about":[{"href":"https:\/\/linitiative.ca\/International\/wp-json\/wp\/v2\/types\/post"}],"author":[{"embeddable":true,"href":"https:\/\/linitiative.ca\/International\/wp-json\/wp\/v2\/users\/1744"}],"replies":[{"embeddable":true,"href":"https:\/\/linitiative.ca\/International\/wp-json\/wp\/v2\/comments?post=35240"}],"version-history":[{"count":0,"href":"https:\/\/linitiative.ca\/International\/wp-json\/wp\/v2\/posts\/35240\/revisions"}],"wp:attachment":[{"href":"https:\/\/linitiative.ca\/International\/wp-json\/wp\/v2\/media?parent=35240"}],"wp:term":[{"taxonomy":"category","embeddable":true,"href":"https:\/\/linitiative.ca\/International\/wp-json\/wp\/v2\/categories?post=35240"},{"taxonomy":"post_tag","embeddable":true,"href":"https:\/\/linitiative.ca\/International\/wp-json\/wp\/v2\/tags?post=35240"}],"curies":[{"name":"wp","href":"https:\/\/api.w.org\/{rel}","templated":true}]}}