{"id":35256,"date":"2019-05-19T13:43:00","date_gmt":"2019-05-19T17:43:00","guid":{"rendered":"https:\/\/linitiative.ca\/International\/les-freres-musulmans-mobilises-contre-ibrahimi\/"},"modified":"2019-05-19T13:43:00","modified_gmt":"2019-05-19T17:43:00","slug":"les-freres-musulmans-mobilises-contre-ibrahimi","status":"publish","type":"post","link":"https:\/\/linitiative.ca\/International\/les-freres-musulmans-mobilises-contre-ibrahimi\/","title":{"rendered":"Les fr\u00e8res musulmans  mobilis\u00e9s contre Ibrahimi"},"content":{"rendered":"<p><br id=\"sep_para_1\" class=\"sep_para access\"\/><\/p>\n<div id=\"para_1\" class=\"para_31104741 resize\">\n<div class=\"texte access firstletter\">Dans un message publi\u00e9 sur sa page Facebook, l\u2019ancien ministre du tourisme et pr\u00e9sident du parti Binaa (fr\u00e8res musulmans), Abdelkader Bengrina, a critiqu\u00e9 la d\u00e9claration tripartite de l\u2019ancien ministre des affaires \u00e9trang\u00e8res, Taleb Ibrahimi, le g\u00e9n\u00e9ral \u00e0 la retraite Rachid Benyelles et le militant des droits humains, Ali Yahia Abdennour. Bengrina a \u00e9crit \u00ab Pour lui la corruption est l\u00e0 que depuis 20 ans mais c\u2019est faux comme si avant il n\u2019y avait pas de corruption. Il dit que l\u2019arm\u00e9e devrait parler aux repr\u00e9sentants du Hirak. Pourriez-vous nous dire qui sont les repr\u00e9sentants de plusieurs millions de manifestants\u00bb.<\/div>\n<\/div>\n<p>Auteur: R\u00e9flexion<br \/>\n<a href=\"https:\/\/www.reflexiondz.net\/Les-freres-musulmans-mobilises-contre-Ibrahimi_a55923.html\">Cliquez ici pour lire l&rsquo;article depuis sa source.<\/a><\/p>\n","protected":false},"excerpt":{"rendered":"<p>Dans un message publi\u00e9 sur sa page Facebook, l\u2019ancien ministre du tourisme et pr\u00e9sident du parti Binaa (fr\u00e8res musulmans), Abdelkader Bengrina, a critiqu\u00e9 la d\u00e9claration tripartite de l\u2019ancien ministre des affaires \u00e9trang\u00e8res, Taleb Ibrahimi, le g\u00e9n\u00e9ral \u00e0 la retraite Rachid Benyelles et le militant des droits humains, Ali Yahia Abdennour. Bengrina a \u00e9crit \u00ab Pour [&hellip;]<\/p>\n","protected":false},"author":1740,"featured_media":0,"comment_status":"closed","ping_status":"closed","sticky":false,"template":"","format":"standard","meta":{"fifu_image_url":"","fifu_image_alt":"","footnotes":""},"categories":[53,76],"tags":[],"class_list":["post-35256","post","type-post","status-publish","format-standard","hentry","category-algerie","category-regions"],"_links":{"self":[{"href":"https:\/\/linitiative.ca\/International\/wp-json\/wp\/v2\/posts\/35256","targetHints":{"allow":["GET"]}}],"collection":[{"href":"https:\/\/linitiative.ca\/International\/wp-json\/wp\/v2\/posts"}],"about":[{"href":"https:\/\/linitiative.ca\/International\/wp-json\/wp\/v2\/types\/post"}],"author":[{"embeddable":true,"href":"https:\/\/linitiative.ca\/International\/wp-json\/wp\/v2\/users\/1740"}],"replies":[{"embeddable":true,"href":"https:\/\/linitiative.ca\/International\/wp-json\/wp\/v2\/comments?post=35256"}],"version-history":[{"count":0,"href":"https:\/\/linitiative.ca\/International\/wp-json\/wp\/v2\/posts\/35256\/revisions"}],"wp:attachment":[{"href":"https:\/\/linitiative.ca\/International\/wp-json\/wp\/v2\/media?parent=35256"}],"wp:term":[{"taxonomy":"category","embeddable":true,"href":"https:\/\/linitiative.ca\/International\/wp-json\/wp\/v2\/categories?post=35256"},{"taxonomy":"post_tag","embeddable":true,"href":"https:\/\/linitiative.ca\/International\/wp-json\/wp\/v2\/tags?post=35256"}],"curies":[{"name":"wp","href":"https:\/\/api.w.org\/{rel}","templated":true}]}}