{"id":35257,"date":"2019-05-19T13:46:00","date_gmt":"2019-05-19T17:46:00","guid":{"rendered":"https:\/\/linitiative.ca\/International\/armee-nationale-populaire-saisie-de-1600-kg-de-kif-traite-a-ain-safra\/"},"modified":"2019-05-19T13:46:00","modified_gmt":"2019-05-19T17:46:00","slug":"armee-nationale-populaire-saisie-de-1600-kg-de-kif-traite-a-ain-safra","status":"publish","type":"post","link":"https:\/\/linitiative.ca\/International\/armee-nationale-populaire-saisie-de-1600-kg-de-kif-traite-a-ain-safra\/","title":{"rendered":"ARMEE NATIONALE POPULAIRE  : Saisie de 1600 Kg de kif trait\u00e9 \u00e0 A\u00efn Safra"},"content":{"rendered":"<p><br id=\"sep_para_1\" class=\"sep_para access\"\/><\/p>\n<div id=\"para_1\" class=\"para_31104785 resize\">\n<div class=\"photo shadow left\"><a href=\"javascript:void(0)\" rel=\"https:\/\/www.reflexiondz.net\/photo\/art\/grande\/33873425-31104785.jpg?v=1558289724&#038;ibox\" title=\"ARMEE NATIONALE POPULAIRE : Saisie de 1600 Kg de kif trait\u00e9 \u00e0 A\u00efn Safra\"><img decoding=\"async\" class=\"responsive c9\" src=\"https:\/\/www.reflexiondz.net\/photo\/art\/grande\/33873425-31104785.jpg?v=1558289724\" alt=\"ARMEE NATIONALE POPULAIRE : Saisie de 1600 Kg de kif trait\u00e9 \u00e0 A\u00efn Safra\" title=\"ARMEE NATIONALE POPULAIRE : Saisie de 1600 Kg de kif trait\u00e9 \u00e0 A\u00efn Safra\"\/><img decoding=\"async\" class=\"not-responsive\" src=\"https:\/\/www.reflexiondz.net\/photo\/art\/default\/33873425-31104785.jpg?v=1558289726\" alt=\"ARMEE NATIONALE POPULAIRE : Saisie de 1600 Kg de kif trait\u00e9 \u00e0 A\u00efn Safra\" title=\"ARMEE NATIONALE POPULAIRE : Saisie de 1600 Kg de kif trait\u00e9 \u00e0 A\u00efn Safra\"\/><\/a><\/div>\n<div class=\"texte access firstletter\">\u00ab\u00a0Dans le cadre de la lutte contre la criminalit\u00e9 organis\u00e9e et suite \u00e0 une embuscade tendue pr\u00e8s de la bande frontali\u00e8re dans la zone d\u2019A\u00efn Diss, \u00e0 A\u00efn Safra, wilaya de Na\u00e2ma (2eRM), un d\u00e9tachement de l\u2019Arm\u00e9e nationale populaire en coordination avec les Garde-fronti\u00e8res a saisi, hier 18 mai 2019, une grande quantit\u00e9 de kif trait\u00e9 s\u2019\u00e9levant \u00e0 onze (11) quintaux et trente (30)kilogrammes, charg\u00e9e sur des baudets\u00a0\u00bb, a pr\u00e9cis\u00e9 le MDN.\u00a0\u00a0 Selon la m\u00eame source, trois (03) narcotrafiquants ont \u00e9t\u00e9 arr\u00eat\u00e9s dimanche au sud de A\u00efn Safra, \u00e0 l\u2019issue d\u2019une autre embuscade tendue par un autre d\u00e9tachement de l\u2019ANP en coordination avec les \u00e9l\u00e9ments de la Gendarmerie nationale et les services des Douanes. Lors de cette op\u00e9ration, un camion charg\u00e9 de cinq (05) quintaux et vingt (20) kilogrammes de kif trait\u00e9 et un v\u00e9hicule touristique, ont \u00e9t\u00e9 \u00e9galement saisis. \u00ab\u00a0Cette op\u00e9ration de qualit\u00e9 qui a permis de saisir un total de (16,5) quintaux de kif trait\u00e9, vient s&rsquo;ajouter aux multiples op\u00e9rations ayant mis en \u00e9chec des tentatives d\u2019introduction et de colportage de la drogue dans le territoire national, et r\u00e9it\u00e8re la permanente vigilance et l\u2019enti\u00e8re disposition des Forces de l\u2019Arm\u00e9e nationale populaire mobilis\u00e9es \u00e0 tous les remparts, et leur d\u00e9termination \u00e0 d\u00e9jouer toutes tentatives d\u2019inonder notre pays par ces substances toxiques\u00a0\u00bb, a estim\u00e9 le MDN.<\/div>\n<\/div>\n<p>Auteur: Ismain<br \/>\n<a href=\"https:\/\/www.reflexiondz.net\/ARMEE-NATIONALE-POPULAIRE-Saisie-de-1600-Kg-de-kif-traite-a-Ain-Safra_a55925.html\">Cliquez ici pour lire l&rsquo;article depuis sa source.<\/a><\/p>\n","protected":false},"excerpt":{"rendered":"<p>\u00ab\u00a0Dans le cadre de la lutte contre la criminalit\u00e9 organis\u00e9e et suite \u00e0 une embuscade tendue pr\u00e8s de la bande frontali\u00e8re dans la zone d\u2019A\u00efn Diss, \u00e0 A\u00efn Safra, wilaya de Na\u00e2ma (2eRM), un d\u00e9tachement de l\u2019Arm\u00e9e nationale populaire en coordination avec les Garde-fronti\u00e8res a saisi, hier 18 mai 2019, une grande quantit\u00e9 de kif [&hellip;]<\/p>\n","protected":false},"author":1740,"featured_media":0,"comment_status":"closed","ping_status":"closed","sticky":false,"template":"","format":"standard","meta":{"fifu_image_url":"","fifu_image_alt":"","footnotes":""},"categories":[53,76],"tags":[],"class_list":["post-35257","post","type-post","status-publish","format-standard","hentry","category-algerie","category-regions"],"_links":{"self":[{"href":"https:\/\/linitiative.ca\/International\/wp-json\/wp\/v2\/posts\/35257","targetHints":{"allow":["GET"]}}],"collection":[{"href":"https:\/\/linitiative.ca\/International\/wp-json\/wp\/v2\/posts"}],"about":[{"href":"https:\/\/linitiative.ca\/International\/wp-json\/wp\/v2\/types\/post"}],"author":[{"embeddable":true,"href":"https:\/\/linitiative.ca\/International\/wp-json\/wp\/v2\/users\/1740"}],"replies":[{"embeddable":true,"href":"https:\/\/linitiative.ca\/International\/wp-json\/wp\/v2\/comments?post=35257"}],"version-history":[{"count":0,"href":"https:\/\/linitiative.ca\/International\/wp-json\/wp\/v2\/posts\/35257\/revisions"}],"wp:attachment":[{"href":"https:\/\/linitiative.ca\/International\/wp-json\/wp\/v2\/media?parent=35257"}],"wp:term":[{"taxonomy":"category","embeddable":true,"href":"https:\/\/linitiative.ca\/International\/wp-json\/wp\/v2\/categories?post=35257"},{"taxonomy":"post_tag","embeddable":true,"href":"https:\/\/linitiative.ca\/International\/wp-json\/wp\/v2\/tags?post=35257"}],"curies":[{"name":"wp","href":"https:\/\/api.w.org\/{rel}","templated":true}]}}