{"id":35268,"date":"2019-05-19T04:42:21","date_gmt":"2019-05-19T08:42:21","guid":{"rendered":"https:\/\/linitiative.ca\/International\/dalia-ghanem-chercheure-au-carnegie-middle-east-center-les-chances-du-maintien-de-lelection-sont-minimes\/"},"modified":"2019-05-19T04:42:21","modified_gmt":"2019-05-19T08:42:21","slug":"dalia-ghanem-chercheure-au-carnegie-middle-east-center-les-chances-du-maintien-de-lelection-sont-minimes","status":"publish","type":"post","link":"https:\/\/linitiative.ca\/International\/dalia-ghanem-chercheure-au-carnegie-middle-east-center-les-chances-du-maintien-de-lelection-sont-minimes\/","title":{"rendered":"Dalia Ghanem. chercheure au Carnegie Middle East Center : \u00abLes chances du maintien de l\u2019\u00e9lection sont minimes\u00bb"},"content":{"rendered":"<h4 class=\"title-14\"\/>\n<div class=\"featured_image\"><img width=\"371\" height=\"329\" data-cfsrc=\"https:\/\/www.elwatan.com\/wp-content\/uploads\/2019\/05\/Dalia-Ghanem-nb.jpg\" class=\"attachment-post-thumbnail size-post-thumbnail wp-post-image c1\" alt=\"\" srcset=\"https:\/\/www.elwatan.com\/wp-content\/uploads\/2019\/05\/Dalia-Ghanem-nb.jpg 371w, https:\/\/www.elwatan.com\/wp-content\/uploads\/2019\/05\/Dalia-Ghanem-nb-300x266.jpg 300w\" sizes=\"(max-width: 371px) 100vw, 371px\"\/><noscript><\/p>\n<p><img loading=\"lazy\" decoding=\"async\" width=\"371\" height=\"329\" src=\"https:\/\/www.elwatan.com\/wp-content\/uploads\/2019\/05\/Dalia-Ghanem-nb.jpg\" class=\"attachment-post-thumbnail size-post-thumbnail wp-post-image\" alt=\"\" srcset=\"https:\/\/www.elwatan.com\/wp-content\/uploads\/2019\/05\/Dalia-Ghanem-nb.jpg 371w, https:\/\/www.elwatan.com\/wp-content\/uploads\/2019\/05\/Dalia-Ghanem-nb-300x266.jpg 300w\" sizes=\"auto, (max-width: 371px) 100vw, 371px\"\/><\/p>\n<p><\/noscript> <span class=\"featured-image-caption\">Dalia Ghanem<\/span><\/div>\n<p>La politologue alg\u00e9rienne, Dalia Ghanem, chercheure au Carnegie Middle East Center, \u00e0 Beyrouth, au Liban,\u00a0estime que les chances pour que l\u2019\u00e9lection du 4 juillet prochain ait lieu sont minimes. D\u2019apr\u00e8s elle, le hirak doit faire \u00e9merger des repr\u00e9sentants capables de porter les revendications populaires. Dalia Ghanem pr\u00e9f\u00e8re, quant \u00e0 elle, l\u2019option d\u2019une Assembl\u00e9e constituante. Il vaut mieux, a-t-elle estim\u00e9, une transition longue et laborieuse qu\u2019une transition b\u00e2cl\u00e9e et superficielle, comme le souhaite, semble-t-il, a-t-elle ajout\u00e9, l\u2019arm\u00e9e.<\/p>\n<p><em><strong>Le dernier d\u00e9lai pour le d\u00e9p\u00f4t de candidature interviendra dans une semaine (23 mai). Pour l\u2019instant, aucune candidature s\u00e9rieuse n\u2019a \u00e9t\u00e9 enregistr\u00e9e. De plus, la population rejette cette \u00e9lection qui sera organis\u00e9e, selon elle, par des symboles de l\u2019ancien r\u00e9gime. Pensez-vous que cette \u00e9lection a des chances d\u2019avoir lieu dans ce climat,\u00a0sachant que les autorit\u00e9s y tiennent pour l\u2019instant ?<\/strong><\/em><\/p>\n<p>Les chances pour que cette \u00e9lection ait lieu sont minimes. D\u2019abord, parce que nous sommes \u00e0 six jours de la date limite de cl\u00f4ture et qu\u2019aucune candidature s\u00e9rieuse n\u2019a \u00e9t\u00e9 d\u00e9pos\u00e9e\u00a0; ensuite parce que les Alg\u00e9riens, \u00e0 juste titre, ne veulent pas de cette \u00e9lection qui risque de donner au syst\u00e8me une chance de se r\u00e9g\u00e9n\u00e9rer.<\/p>\n<p><em><strong>Dans le cas o\u00f9 elle ne se tiendrait pas, quelle serait la solution qui sera envisag\u00e9e\u00a0par le pouvoir ?<\/strong><\/em><\/p>\n<p>Il est difficile de pr\u00e9dire les prochaines actions du pouvoir. Cela \u00e9tant, il me semble qu\u2019\u00e0 ce stade le seul moyen de sortir de ce blocage politique consisterait en\u00a0: 1) l\u2019annulation de l\u2019\u00e9lection du 4 juillet\u00a0; 2) la d\u00e9mission de Bensalah, de Bedoui et de son gouvernement et la mise en place de m\u00e9canismes de dialogue avec le hirak. Mais ce dernier point est probl\u00e9matique, car le mouvement n\u2019a pas de leaders.<\/p>\n<p>Le hirak doit faire \u00e9merger des repr\u00e9sentants capables de porter les revendications populaires en \u00e9laborant une feuille de route et en n\u00e9gociant sur cette base le changement avec le pouvoir. On pourra avancer par la suite en \u00e9lisant \u00e9ventuellement une Assembl\u00e9e constituante, qui r\u00e9digera la nouvelle Constitution et mettra en place un gouvernement de transition.<\/p>\n<p>Le chemin sera long, mais mieux vaut une transition longue et laborieuse, qu\u2019une transition b\u00e2cl\u00e9e et superficielle. Malheureusement, il semblerait que l\u2019arm\u00e9e se dirige vers la seconde option.<\/p>\n<p><em><strong>Si dans un premier temps les citoyens avaient salu\u00e9 la position du chef d\u2019\u00e9tat-major, qui avait exig\u00e9 l\u2019application de l\u2019article 102 de la Constitution (d\u00e9mission de Bouteflika), aujourd\u2019hui il est de plus en plus critiqu\u00e9. Quel est, selon vous, le r\u00f4le jou\u00e9 par l\u2019arm\u00e9e dans la situation actuelle et quel devrait \u00eatre son r\u00f4le dans la \u00abnouvelle Alg\u00e9rie\u00bb dont r\u00eavent les Alg\u00e9riens aujourd\u2019hui\u00a0?<\/strong><\/em><\/p>\n<p>Le chef d\u2019\u00e9tat-major, Ga\u00efd Salah, est aujourd\u2019hui l\u2019homme fort du r\u00e9gime. Les Alg\u00e9riens souhaitent \u00e9galement son d\u00e9part. Les slogans scand\u00e9s contre lui sont clairs\u00a0: \u00abRouh rouh ya Ga\u00efd Salah\u00bb, ou \u00abGa\u00efd Salah machi salah\u00bb. Le d\u00e9part de ce dernier est souhaitable pour \u00e9viter \u00e0 l\u2019Alg\u00e9rie une d\u00e9stabilisation majeure.<\/p>\n<p>La g\u00e9n\u00e9ration au pouvoir depuis 1962, aussi bien les militaires que les civils, doit avoir la responsabilit\u00e9 de passer le flambeau \u00e0 une jeune g\u00e9n\u00e9ration en phase avec la soci\u00e9t\u00e9 et ses mutations. Quant au r\u00f4le de l\u2019arm\u00e9e, force est de constater qu\u2019elle demeure l\u2019institution la plus puissante et la mieux organis\u00e9e\u00a0; elle jouit \u00e9galement d\u2019une l\u00e9gitimit\u00e9 certaine.<\/p>\n<p>Il faudrait \u00e9galement que cet instant \u00abr\u00e9volutionnaire\u00bb permette enfin une ren\u00e9gociation des relations entre civils et militaires en vue d\u2019une v\u00e9ritable transition d\u00e9mocratique. Dans la nouvelle Alg\u00e9rie, l\u2019arm\u00e9e devra se contenter de son r\u00f4le de protectrice du pays et se retirer de la vie politique et \u00e9conomique. Malheureusement, le chemin vers ce sc\u00e9nario reste, pour le moment et vu la tournure que prennent les choses, inimaginable.<\/p>\n<p><em><strong>Des personnalit\u00e9s du monde politique et des affaires ont \u00e9t\u00e9 arr\u00eat\u00e9es pour diff\u00e9rents motifs. D\u2019autres le seront apparemment dans les jours \u00e0 venir. Alors que les autorit\u00e9s avancent la lutte contre la corruption, des partis de l\u2019opposition estiment que ce n\u2019est qu\u2019une lutte de clans ou des mesures visant \u00e0 calmer la population pour lui faire oublier l\u2019essentiel. Quelles seront, d\u2019apr\u00e8s vous, les r\u00e9percussions de ces arrestations sur le processus en cours\u00a0?<\/strong><\/em><\/p>\n<p>Je pense que ces arrestations ne sont que de la poudre aux yeux\u00a0: elles d\u00e9notent surtout de la r\u00e9ticence du r\u00e9gime \u00e0 changer ses m\u00e9thodes de gouvernance. L\u2019opacit\u00e9 autour de ces arrestations ne fait par ailleurs qu\u2019exacerber l\u2019opinion publique.<\/p>\n<p>En r\u00e9alit\u00e9, derri\u00e8re ces arrestations, se cachent surtout des r\u00e8glements de comptes internes et des luttes de pouvoir entre les diff\u00e9rentes factions. Ce jeu est extr\u00eamement dangereux, car il d\u00e9s\u00e9quilibre l\u2019Etat et ses principaux rouages.<\/p>\n<div class=\"yuzo_related_post style-1\" data-version=\"5.12.88\">\n<p><h3>Related Post<\/h3>\n<\/p>\n<div class=\"yuzo_wraps\">\n<div class=\"relatedthumb relatedpost-145690 c11\"><a href=\"https:\/\/www.elwatan.com\/edition\/actualite\/lambassade-de-france-dement-les-rumeurs-sur-des-mesures-de-controle-des-voyageurs-en-provenance-dalgerie-26-08-2018\"\/><\/p>\n<p><span class=\"yuzo__text--title c10\">L\u2019ambassade de France d\u00e9ment les rumeurs sur&#8230;<\/span><\/div>\n<div class=\"relatedthumb relatedpost-325204 c11\"><a href=\"https:\/\/www.elwatan.com\/regions\/ouest\/oran\/social-des-aides-sociales-au-profit-des-personnes-en-situation-de-handicap-12-12-2018\"\/><\/p>\n<p><span class=\"yuzo__text--title c10\">Social : Des aides sociales au profit des personne&#8230;<\/span><\/div>\n<div class=\"relatedthumb relatedpost-576875 c11\"><a href=\"https:\/\/www.elwatan.com\/edition\/actualite\/tipasa-lex-senateur-malik-boujouher-condamne-a-07-de-prison-ferme-05-05-2019\"\/><\/p>\n<p><span class=\"yuzo__text--title c10\">Tipasa\u00a0: L\u2019ex s\u00e9nateur Malik Boujouher condamn\u00e9 \u00e0 &#8230;<\/span><\/div>\n<div class=\"relatedthumb relatedpost-569730 c11\"><a href=\"https:\/\/www.elwatan.com\/regions\/ouest\/actu-ouest\/bechar-les-travailleurs-de-lhopital-mere-et-enfant-en-colere-14-04-2019\"\/><\/p>\n<p><span class=\"yuzo__text--title c10\">Bechar : Les travailleurs de l\u2019h\u00f4pital \u00abM\u00e8re et en&#8230;<\/span><\/div>\n<\/div>\n<\/div>\n<p><span class=\"post-views-label\">Post Views:<\/span> <span class=\"post-views-count\">866<\/span><\/p>\n<p>Auteur: Hicham Chouadria<br \/>\n<a href=\"https:\/\/www.elwatan.com\/edition\/actualite\/dalia-ghanem-chercheure-au-carnegie-middle-east-center-les-chances-du-maintien-de-lelection-sont-minimes-19-05-2019\">Cliquez ici pour lire l&rsquo;article depuis sa source.<\/a><\/p>\n","protected":false},"excerpt":{"rendered":"<p>Dalia Ghanem La politologue alg\u00e9rienne, Dalia Ghanem, chercheure au Carnegie Middle East Center, \u00e0 Beyrouth, au Liban,\u00a0estime que les chances pour que l\u2019\u00e9lection du 4 juillet prochain ait lieu sont minimes. D\u2019apr\u00e8s elle, le hirak doit faire \u00e9merger des repr\u00e9sentants capables de porter les revendications populaires. Dalia Ghanem pr\u00e9f\u00e8re, quant \u00e0 elle, l\u2019option d\u2019une Assembl\u00e9e [&hellip;]<\/p>\n","protected":false},"author":1743,"featured_media":35269,"comment_status":"closed","ping_status":"closed","sticky":false,"template":"","format":"standard","meta":{"fifu_image_url":"","fifu_image_alt":"","footnotes":""},"categories":[73,53],"tags":[],"class_list":["post-35268","post","type-post","status-publish","format-standard","has-post-thumbnail","hentry","category-actualite","category-algerie"],"_links":{"self":[{"href":"https:\/\/linitiative.ca\/International\/wp-json\/wp\/v2\/posts\/35268","targetHints":{"allow":["GET"]}}],"collection":[{"href":"https:\/\/linitiative.ca\/International\/wp-json\/wp\/v2\/posts"}],"about":[{"href":"https:\/\/linitiative.ca\/International\/wp-json\/wp\/v2\/types\/post"}],"author":[{"embeddable":true,"href":"https:\/\/linitiative.ca\/International\/wp-json\/wp\/v2\/users\/1743"}],"replies":[{"embeddable":true,"href":"https:\/\/linitiative.ca\/International\/wp-json\/wp\/v2\/comments?post=35268"}],"version-history":[{"count":0,"href":"https:\/\/linitiative.ca\/International\/wp-json\/wp\/v2\/posts\/35268\/revisions"}],"wp:featuredmedia":[{"embeddable":true,"href":"https:\/\/linitiative.ca\/International\/wp-json\/"}],"wp:attachment":[{"href":"https:\/\/linitiative.ca\/International\/wp-json\/wp\/v2\/media?parent=35268"}],"wp:term":[{"taxonomy":"category","embeddable":true,"href":"https:\/\/linitiative.ca\/International\/wp-json\/wp\/v2\/categories?post=35268"},{"taxonomy":"post_tag","embeddable":true,"href":"https:\/\/linitiative.ca\/International\/wp-json\/wp\/v2\/tags?post=35268"}],"curies":[{"name":"wp","href":"https:\/\/api.w.org\/{rel}","templated":true}]}}