{"id":35274,"date":"2019-05-19T05:00:12","date_gmt":"2019-05-19T09:00:12","guid":{"rendered":"https:\/\/linitiative.ca\/International\/incarceration-de-louisa-hanoune-rassemblement-de-soutien-a-alger\/"},"modified":"2019-05-19T05:00:12","modified_gmt":"2019-05-19T09:00:12","slug":"incarceration-de-louisa-hanoune-rassemblement-de-soutien-a-alger","status":"publish","type":"post","link":"https:\/\/linitiative.ca\/International\/incarceration-de-louisa-hanoune-rassemblement-de-soutien-a-alger\/","title":{"rendered":"Incarc\u00e9ration de Louisa Hanoune : Rassemblement de soutien \u00e0 Alger"},"content":{"rendered":"<h4 class=\"title-14\"\/>\n<div class=\"featured_image\"><img width=\"800\" height=\"532\" data-cfsrc=\"https:\/\/www.elwatan.com\/wp-content\/uploads\/2019\/05\/hanoune-h-lyes-col-e1558223005888.jpg\" class=\"attachment-post-thumbnail size-post-thumbnail wp-post-image c1\" alt=\"\"\/><noscript><\/p>\n<p><img loading=\"lazy\" decoding=\"async\" width=\"800\" height=\"532\" src=\"https:\/\/www.elwatan.com\/wp-content\/uploads\/2019\/05\/hanoune-h-lyes-col-e1558223005888.jpg\" class=\"attachment-post-thumbnail size-post-thumbnail wp-post-image\" alt=\"\"\/><\/p>\n<p><\/noscript><\/div>\n<p>Un rassemblement de soutien \u00e0 Louisa Hanoune, secr\u00e9taire g\u00e9n\u00e9rale du Parti des travailleurs (PT), a eu lieu hier \u00e0 la placette de la Grande-Poste d\u2019Alger. Il a \u00e9t\u00e9 organis\u00e9 par les membres du comit\u00e9 national pour la lib\u00e9ration imm\u00e9diate et inconditionnelle de la d\u00e9tenue politique Louisa Hanoune.<\/p>\n<p>Elle est incarc\u00e9r\u00e9e depuis le 9 mai dernier et accus\u00e9e par la justice militaire de \u00abcomplot pour changer le r\u00e9gime\u00bb. Un floril\u00e8ge de slogans a \u00e9t\u00e9 entendu, comme \u00abPouvoir assassin\u00bb, \u00abLib\u00e9rez Louisa\u00bb, \u00abBled bladna ou ndirou rayna\u00bb, \u00abDjaza\u00efr hora democratia (l\u2019Alg\u00e9rie, libre et d\u00e9mocratique).<\/p>\n<p>Plusieurs banderoles ont \u00e9t\u00e9 d\u00e9ploy\u00e9es avec la photo de Louisa Hanoune, o\u00f9 est \u00e9crit \u00abLib\u00e9rez la d\u00e9tenue politique\u00bb. Un homme \u00e2g\u00e9, chapeau sur la t\u00eate pour se prot\u00e9ger du soleil, hurle\u00a0: \u00abArr\u00eatez les voleurs qui ont pill\u00e9 le pays, Louisa Hanoune est une honn\u00eate combattante, une militante nationaliste. Amenez les voleurs dans les prisons.\u00bb Face au dispositif de s\u00e9curit\u00e9, les manifestants ne cessaient de crier : \u00abSilmiya, Silmiya\u00bb. Ramdane Ta\u00e2zibt, membre de la direction du PT, a affirm\u00e9 \u00e0 la cha\u00eene de Berb\u00e8re T\u00e9l\u00e9vision\u00a0: \u00abLouisa Hanoune a \u00e9t\u00e9 mise en prison sur une d\u00e9cision politique, le dossier judiciaire est vide.\u00bb<\/p>\n<p>La plupart des chefs de parti ont condamn\u00e9 vigoureusement l\u2019incarc\u00e9ration de Louisa Hanoune. Des syndicats UGTA et autonomes ont pris position pour sa lib\u00e9ration. Le Front des forces socialistes (FFS) avait d\u00e9nonc\u00e9 et condamn\u00e9 \u00e9nergiquement l\u2019arrestation de la secr\u00e9taire g\u00e9n\u00e9rale du Parti des travailleurs. Le FFS a consid\u00e9r\u00e9 que \u00abrien ne peut justifier cet acte arbitraire et abusif. Cette arrestation intervient dans un moment o\u00f9 la majorit\u00e9 des Alg\u00e9riennes et Alg\u00e9riens entament le troisi\u00e8me mois de contestation et de r\u00e9volte pacifique afin de revendiquer l\u2019ouverture r\u00e9elle des champs politique, m\u00e9diatique et l\u2019instauration d\u2019un Etat de droit, condition sine qua non \u00e0 l\u2019\u00e9dification d\u2019une justice ind\u00e9pendante\u00bb.<\/p>\n<p>Le parti de Soufiane Djilali, Jil Jadid, avait vivement r\u00e9agi\u00a0: \u00abLa mise en d\u00e9tention pr\u00e9ventive de Louisa Hanoune, premi\u00e8re responsable d\u2019un parti politique, pose clairement la question des libert\u00e9s politiques et interroge sur les v\u00e9ritables intentions du nouveau pouvoir.\u00bb L\u2019Entente internationale des travailleurs et des peuples (EIT) avait rendu publique, dans une note d\u2019information n\u00b02 dat\u00e9e du 15 mai 2019, re\u00e7ue \u00e0 El Watan, une campagne pour la lib\u00e9ration de Louisa Hanoune, secr\u00e9taire g\u00e9n\u00e9rale du Parti des travailleurs.<\/p>\n<div class=\"yuzo_related_post style-1\" data-version=\"5.12.88\">\n<p><h3>Related Post<\/h3>\n<\/p>\n<div class=\"yuzo_wraps\">\n<div class=\"relatedthumb relatedpost-153018 c11\"><a href=\"https:\/\/www.elwatan.com\/edition\/actualite\/la-privatisation-des-cantines-attribue-a-lecole-un-caractere-purement-commercial-01-10-2018\"\/><\/p>\n<p><span class=\"yuzo__text--title c10\">\u00abLa privatisation des cantines attribue \u00e0 l\u2019\u00e9cole &#8230;<\/span><\/div>\n<div class=\"relatedthumb relatedpost-477775 c11\"><a href=\"https:\/\/www.elwatan.com\/regions\/sud\/actu-sud\/bordj-omar-driss-illizi-penurie-du-gaz-butane-2-09-02-2015\"\/><\/p>\n<p><span class=\"yuzo__text--title c10\">Bordj Omar Driss (Illizi) : P\u00e9nurie du gaz butane<\/span><\/div>\n<div class=\"relatedthumb relatedpost-348946 c11\"><a href=\"https:\/\/www.elwatan.com\/edition\/sports\/mc-oran-les-hamraoua-misent-tout-sur-la-coupe-18-12-2018\"\/><\/p>\n<p><span class=\"yuzo__text--title c10\">MC Oran : Les Hamraoua misent tout sur la coupe<\/span><\/div>\n<div class=\"relatedthumb relatedpost-556651 c11\"><a href=\"https:\/\/www.elwatan.com\/regions\/est\/actu-est\/guelma-10-cas-suspects-de-gale-sarcoptique-en-milieu-scolaire-05-02-2019\"\/><\/p>\n<p><span class=\"yuzo__text--title c10\">Guelma :\u00a010 cas suspects de gale sarcoptique en mi&#8230;<\/span><\/div>\n<\/div>\n<\/div>\n<p><span class=\"post-views-label\">Post Views:<\/span> <span class=\"post-views-count\">1\u00a0538<\/span><\/p>\n<p>Auteur: Hicham Chouadria<br \/>\n<a href=\"https:\/\/www.elwatan.com\/edition\/actualite\/incarceration-de-louisa-hanoune-rassemblement-de-soutien-a-alger-19-05-2019\">Cliquez ici pour lire l&rsquo;article depuis sa source.<\/a><\/p>\n","protected":false},"excerpt":{"rendered":"<p>Un rassemblement de soutien \u00e0 Louisa Hanoune, secr\u00e9taire g\u00e9n\u00e9rale du Parti des travailleurs (PT), a eu lieu hier \u00e0 la placette de la Grande-Poste d\u2019Alger. Il a \u00e9t\u00e9 organis\u00e9 par les membres du comit\u00e9 national pour la lib\u00e9ration imm\u00e9diate et inconditionnelle de la d\u00e9tenue politique Louisa Hanoune. Elle est incarc\u00e9r\u00e9e depuis le 9 mai dernier [&hellip;]<\/p>\n","protected":false},"author":1743,"featured_media":35275,"comment_status":"closed","ping_status":"closed","sticky":false,"template":"","format":"standard","meta":{"fifu_image_url":"","fifu_image_alt":"","footnotes":""},"categories":[73,53],"tags":[],"class_list":["post-35274","post","type-post","status-publish","format-standard","has-post-thumbnail","hentry","category-actualite","category-algerie"],"_links":{"self":[{"href":"https:\/\/linitiative.ca\/International\/wp-json\/wp\/v2\/posts\/35274","targetHints":{"allow":["GET"]}}],"collection":[{"href":"https:\/\/linitiative.ca\/International\/wp-json\/wp\/v2\/posts"}],"about":[{"href":"https:\/\/linitiative.ca\/International\/wp-json\/wp\/v2\/types\/post"}],"author":[{"embeddable":true,"href":"https:\/\/linitiative.ca\/International\/wp-json\/wp\/v2\/users\/1743"}],"replies":[{"embeddable":true,"href":"https:\/\/linitiative.ca\/International\/wp-json\/wp\/v2\/comments?post=35274"}],"version-history":[{"count":0,"href":"https:\/\/linitiative.ca\/International\/wp-json\/wp\/v2\/posts\/35274\/revisions"}],"wp:featuredmedia":[{"embeddable":true,"href":"https:\/\/linitiative.ca\/International\/wp-json\/"}],"wp:attachment":[{"href":"https:\/\/linitiative.ca\/International\/wp-json\/wp\/v2\/media?parent=35274"}],"wp:term":[{"taxonomy":"category","embeddable":true,"href":"https:\/\/linitiative.ca\/International\/wp-json\/wp\/v2\/categories?post=35274"},{"taxonomy":"post_tag","embeddable":true,"href":"https:\/\/linitiative.ca\/International\/wp-json\/wp\/v2\/tags?post=35274"}],"curies":[{"name":"wp","href":"https:\/\/api.w.org\/{rel}","templated":true}]}}