{"id":35276,"date":"2019-05-19T05:10:21","date_gmt":"2019-05-19T09:10:21","guid":{"rendered":"https:\/\/linitiative.ca\/International\/le-rcd-denonce-lentetement-a-vouloir-organiser-la-presidentielle-le-4-juillet\/"},"modified":"2019-05-19T05:10:21","modified_gmt":"2019-05-19T09:10:21","slug":"le-rcd-denonce-lentetement-a-vouloir-organiser-la-presidentielle-le-4-juillet","status":"publish","type":"post","link":"https:\/\/linitiative.ca\/International\/le-rcd-denonce-lentetement-a-vouloir-organiser-la-presidentielle-le-4-juillet\/","title":{"rendered":"Le RCD d\u00e9nonce \u00abl\u2019ent\u00eatement \u00e0 vouloir organiser la pr\u00e9sidentielle le 4 juillet\u00bb"},"content":{"rendered":"<h4 class=\"title-14\">Il estime qu\u2019\u00abaucun sc\u00e9nario ne peut venir \u00e0 bout de la d\u00e9termination du peuple\u00bb<\/h4>\n<div class=\"featured_image\"><img width=\"580\" height=\"350\" data-cfsrc=\"https:\/\/www.elwatan.com\/wp-content\/uploads\/2019\/05\/mohcine.jpg\" class=\"attachment-post-thumbnail size-post-thumbnail wp-post-image c1\" alt=\"\" srcset=\"https:\/\/www.elwatan.com\/wp-content\/uploads\/2019\/05\/mohcine.jpg 580w, https:\/\/www.elwatan.com\/wp-content\/uploads\/2019\/05\/mohcine-300x181.jpg 300w\" sizes=\"(max-width: 580px) 100vw, 580px\"\/><noscript><\/p>\n<p><img loading=\"lazy\" decoding=\"async\" width=\"580\" height=\"350\" src=\"https:\/\/www.elwatan.com\/wp-content\/uploads\/2019\/05\/mohcine.jpg\" class=\"attachment-post-thumbnail size-post-thumbnail wp-post-image\" alt=\"\" srcset=\"https:\/\/www.elwatan.com\/wp-content\/uploads\/2019\/05\/mohcine.jpg 580w, https:\/\/www.elwatan.com\/wp-content\/uploads\/2019\/05\/mohcine-300x181.jpg 300w\" sizes=\"auto, (max-width: 580px) 100vw, 580px\"\/><\/p>\n<p><\/noscript><\/div>\n<p>Le Rassemblement pour la culture et la d\u00e9mocratie (RCD) d\u00e9nonce \u00abl\u2019ent\u00eatement \u00e0 vouloir organiser une pr\u00e9sidentielle le 4 juillet\u00bb. Dans un communiqu\u00e9 sanctionnant la r\u00e9union de son secr\u00e9tariat national, le parti de Mohcine Belabbas estime que cette \u00e9lection, \u00abpilot\u00e9e de bout en bout par un personnel politique pass\u00e9 ma\u00eetre de la fraude \u00e9lectorale, ne rel\u00e8ve pas d\u2019un simple passage en force pour d\u00e9signer un nouveau Pr\u00e9sident ou d\u2019un d\u00e9ni ordinaire de la r\u00e9alit\u00e9, mais participe d\u2019une strat\u00e9gie de reprise en main par une partie du syst\u00e8me de la d\u00e9cision par un agenda cach\u00e9\u00bb.<\/p>\n<p>Le RCD poursuit en affirmant : \u00abL\u2019instrumentalisation de la justice, la reprise en main d\u00e9j\u00e0 en cours des m\u00e9dias publics et assimil\u00e9s d\u00e9notent de cette volont\u00e9 de ne rien \u2018\u2018l\u00e2cher\u2019\u2019 ou de \u2018\u2018l\u00e2cher\u2019\u2019 le moins possible devant le mouvement citoyen.\u00bb Cette formation politique soutient que \u00able pouvoir de fait veut \u00eatre le ma\u00eetre des horloges pour s\u2019imposer \u00e0 la mobilisation populaire\u00bb. \u00abCette posture n\u2019est point \u00e0 v\u00e9rifier. Aucune proposition venant d\u2019autres acteurs de la sc\u00e8ne nationale ne trouve gr\u00e2ce, y compris celles qui viennent de ceux qui affichent leur disponibilit\u00e9 \u00e0 \u2018\u2018dialoguer\u2019\u2019 avec les nouveaux d\u00e9cideurs\u00bb, observe-t-il.<\/p>\n<p>Le parti de Mohcine Belabbas encha\u00eene en consid\u00e9rant que \u00abde glissement en glissement et sous pr\u00e9texte de prot\u00e9ger le mouvement, les nouveaux donneurs d\u2019ordres ont, rapidement, entra\u00een\u00e9 l\u2019appareil judiciaire dans une op\u00e9ration de chasse aux sorci\u00e8res, dont eux seuls connaissent les tenants et les aboutissants\u00bb.<\/p>\n<p>\u00abAlors que ceux qui ont mis le pays \u00e0 genoux sont en libert\u00e9 et pour certains aux commandes, un op\u00e9rateur \u00e9conomique qui a subi les entraves du syst\u00e8me Bouteflika est mis sous mandat de d\u00e9p\u00f4t pour un simple litige commercial et une responsable politique est jet\u00e9e en p\u00e2ture avant m\u00eame sa comparution devant la justice militaire\u00bb, regrette le RCD, qui dit \u00abr\u00e9it\u00e9rer son refus d\u2019instruire le proc\u00e8s du r\u00e9gime et de ses clients par une justice aux ordres\u00bb.<\/p>\n<p>\u00abSeule une justice ind\u00e9pendante, dans un Etat de droit, lib\u00e9r\u00e9e par une phase de transition d\u00e9mocratique disposera de la l\u00e9gitimit\u00e9 pour traiter un tel dossier\u00bb, soutient ce parti, selon lequel, \u00abtout est fait pour \u00e9luder les r\u00e9ponses aux revendications essentielles du mouvement : l\u2019organisation d\u2019une phase de transition d\u00e9mocratique pilot\u00e9e par un personnel non compromis avec l\u2019ancien r\u00e9gime\u00bb.<\/p>\n<p>Sur un autre volet, le RCD n\u2019est pas favorable \u00e0 la structuration du mouvement populaire pour le doter de porte-parole. \u00abDepuis le d\u00e9but, des appels directs ou indirects pour doter le mouvement d\u2019une direction \u00e9manent d\u2019acteurs travaillant au compte du syst\u00e8me politique en place.<\/p>\n<p>Les mises en garde de la plupart des acteurs politiques acquis au changement du syst\u00e8me et \u00e0 l\u2019option d\u00e9mocratique ont, jusque-l\u00e0, \u00e9pargn\u00e9 le mouvement d\u2019une telle d\u00e9rive\u00bb, rel\u00e8ve ce parti pour lequel, \u00abni la nature du mouvement ni l\u2019\u00e9tat des institutions ne plaident pour une telle d\u00e9marche qui ouvre la voie aux pressions et manipulations, voire \u00e0 une dualit\u00e9 de pouvoirs aussi improductive que dangereuse\u00bb.<\/p>\n<p>Pour le RCD, \u00able peuple alg\u00e9rien a d\u00e9sormais son avenir entre ses mains en maintenant la mobilisation multiforme (marches, rassemblements, d\u00e9bats citoyens publics, mobilisations sectorielles\u2026) contre toute \u00e9lection ou transition pilot\u00e9e par les r\u00e9sidus du syst\u00e8me via les d\u00e9bris d\u2019une Constitution faite sur mesure pour un autocrate autoproclam\u00e9 et pi\u00e9tin\u00e9e d\u00e9j\u00e0 \u00e0 maintes reprises\u00bb.<\/p>\n<p>Ce parti conclut en affirmant qu\u2019\u00abaucune man\u0153uvre d\u2019intimidation ou de division et aucun sc\u00e9nario ne peuvent venir \u00e0 bout durablement d\u2019une d\u00e9termination qui prend racine de la soif de libert\u00e9, de justice et d\u2019affirmation de notre jeunesse et des profondeurs de la soci\u00e9t\u00e9\u00bb.<\/p>\n<div class=\"yuzo_related_post style-1\" data-version=\"5.12.88\">\n<p><h3>Related Post<\/h3>\n<\/p>\n<div class=\"yuzo_wraps\">\n<div class=\"relatedthumb relatedpost-357325 c11\"><a href=\"https:\/\/www.elwatan.com\/edition\/international\/crise-afghane-washington-negocie-avec-les-talibans-19-12-2018\"\/><\/p>\n<p><span class=\"yuzo__text--title c10\">Crise afghane : Washington n\u00e9gocie avec les taliba&#8230;<\/span><\/div>\n<div class=\"relatedthumb relatedpost-561402 c11\"><a href=\"https:\/\/www.elwatan.com\/edition\/actualite\/la-volonte-du-peuple-est-une-ligne-rouge-02-03-2019\"\/><\/p>\n<p><span class=\"yuzo__text--title c10\">\u00abLa volont\u00e9 du peuple\u00a0est une ligne rouge\u00bb<\/span><\/div>\n<div class=\"relatedthumb relatedpost-367426 c11\"><a href=\"https:\/\/www.elwatan.com\/regions\/est\/constantine\/renouvellement-de-la-section-ordinale-de-constantine-des-dentistes-denoncent-des-irregularites-au-cours-du-scrutin-20-12-2018\"\/><\/p>\n<p><span class=\"yuzo__text--title c10\">Renouvellement de la section ordinale de Constanti&#8230;<\/span><\/div>\n<\/div>\n<\/div>\n<p><span class=\"post-views-label\">Post Views:<\/span> <span class=\"post-views-count\">420<\/span><\/p>\n<p>Auteur: Hicham Chouadria<br \/>\n<a href=\"https:\/\/www.elwatan.com\/edition\/actualite\/le-rcd-denonce-lentetement-a-vouloir-organiser-la-presidentielle-le-4-juillet-19-05-2019\">Cliquez ici pour lire l&rsquo;article depuis sa source.<\/a><\/p>\n","protected":false},"excerpt":{"rendered":"<p>Il estime qu\u2019\u00abaucun sc\u00e9nario ne peut venir \u00e0 bout de la d\u00e9termination du peuple\u00bb Le Rassemblement pour la culture et la d\u00e9mocratie (RCD) d\u00e9nonce \u00abl\u2019ent\u00eatement \u00e0 vouloir organiser une pr\u00e9sidentielle le 4 juillet\u00bb. Dans un communiqu\u00e9 sanctionnant la r\u00e9union de son secr\u00e9tariat national, le parti de Mohcine Belabbas estime que cette \u00e9lection, \u00abpilot\u00e9e de bout [&hellip;]<\/p>\n","protected":false},"author":1743,"featured_media":35277,"comment_status":"closed","ping_status":"closed","sticky":false,"template":"","format":"standard","meta":{"fifu_image_url":"","fifu_image_alt":"","footnotes":""},"categories":[73,53],"tags":[],"class_list":["post-35276","post","type-post","status-publish","format-standard","has-post-thumbnail","hentry","category-actualite","category-algerie"],"_links":{"self":[{"href":"https:\/\/linitiative.ca\/International\/wp-json\/wp\/v2\/posts\/35276","targetHints":{"allow":["GET"]}}],"collection":[{"href":"https:\/\/linitiative.ca\/International\/wp-json\/wp\/v2\/posts"}],"about":[{"href":"https:\/\/linitiative.ca\/International\/wp-json\/wp\/v2\/types\/post"}],"author":[{"embeddable":true,"href":"https:\/\/linitiative.ca\/International\/wp-json\/wp\/v2\/users\/1743"}],"replies":[{"embeddable":true,"href":"https:\/\/linitiative.ca\/International\/wp-json\/wp\/v2\/comments?post=35276"}],"version-history":[{"count":0,"href":"https:\/\/linitiative.ca\/International\/wp-json\/wp\/v2\/posts\/35276\/revisions"}],"wp:featuredmedia":[{"embeddable":true,"href":"https:\/\/linitiative.ca\/International\/wp-json\/"}],"wp:attachment":[{"href":"https:\/\/linitiative.ca\/International\/wp-json\/wp\/v2\/media?parent=35276"}],"wp:term":[{"taxonomy":"category","embeddable":true,"href":"https:\/\/linitiative.ca\/International\/wp-json\/wp\/v2\/categories?post=35276"},{"taxonomy":"post_tag","embeddable":true,"href":"https:\/\/linitiative.ca\/International\/wp-json\/wp\/v2\/tags?post=35276"}],"curies":[{"name":"wp","href":"https:\/\/api.w.org\/{rel}","templated":true}]}}