{"id":35278,"date":"2019-05-19T05:15:55","date_gmt":"2019-05-19T09:15:55","guid":{"rendered":"https:\/\/linitiative.ca\/International\/appel-pour-une-solution-consensuelle\/"},"modified":"2019-05-19T05:15:55","modified_gmt":"2019-05-19T09:15:55","slug":"appel-pour-une-solution-consensuelle","status":"publish","type":"post","link":"https:\/\/linitiative.ca\/International\/appel-pour-une-solution-consensuelle\/","title":{"rendered":"Appel pour une solution consensuelle"},"content":{"rendered":"<h4 class=\"title-14\"\/>\n<p>Le 22 f\u00e9vrier 2019, des millions d\u2019Alg\u00e9riens, toutes classes sociales et tous \u00e2ges confondus, sont sortis dans les rues de l\u2019ensemble des grandes villes du pays pour manifester pacifiquement, crier leur col\u00e8re et refuser l\u2019humiliation qu\u2019un pouvoir arrogant et s\u00fbr de lui voulait encore leur faire subir en annon\u00e7ant la candidature pour un 5e mandat d\u2019un homme qui vit \u00e0 l\u2019\u00e9tat v\u00e9g\u00e9tatif depuis cinq ans.<\/p>\n<p>Par leur caract\u00e8re massif et strictement pacifique, les manifestations grandioses de ces 13 derni\u00e8res semaines ont forc\u00e9 l\u2019admiration du monde entier et nous ont rendu notre dignit\u00e9 trop longtemps bafou\u00e9e, comme elles nous ont permis de recouvrer notre fiert\u00e9 d\u2019appartenir \u00e0 une grande nation. Elles auront \u00e9galement fortement contribu\u00e9 \u00e0 renforcer l\u2019unit\u00e9 nationale et la volont\u00e9 du vivre-ensemble, quelles que soient nos diff\u00e9rences politiques et nos sensibilit\u00e9s culturelles ou doctrinaires.<\/p>\n<p>Apr\u00e8s avoir obtenu la d\u00e9mission forc\u00e9e du pr\u00e9sident-candidat moribond, les manifestants, dont le nombre a atteint des sommets historiques, exigent maintenant l\u2019instauration d\u2019un Etat de droit et d\u2019une v\u00e9ritable d\u00e9mocratie, en passant pr\u00e9alablement par une p\u00e9riode de transition de courte dur\u00e9e, conduite par des hommes et des femmes n\u2019ayant jamais appartenu au syst\u00e8me profond\u00e9ment corrompu des 20 derni\u00e8res ann\u00e9es.<\/p>\n<p>Cette p\u00e9riode est n\u00e9cessaire pour mettre en place les m\u00e9canismes et dispositions permettant au peuple souverain d\u2019exprimer librement et d\u00e9mocratiquement son choix \u00e0 travers les urnes \u2013 un processus qui va dans le sens de l\u2019histoire, et que rien, ni personne ne saurait arr\u00eater.<\/p>\n<p>Porteuse de graves dangers dans une conjoncture r\u00e9gionale tendue, la situation de blocage \u00e0 laquelle nous assistons avec le maintien de la date du 4 juillet ne pourra que retarder l\u2019av\u00e8nement in\u00e9luctable d\u2019une nouvelle R\u00e9publique. Car comment peut-on imaginer des \u00e9lections libres et honn\u00eates, alors qu\u2019elles sont d\u2019ores et d\u00e9j\u00e0 rejet\u00e9es par l\u2019immense majorit\u00e9 de la population, parce qu\u2019organis\u00e9es par des institutions encore aux mains de forces disqualifi\u00e9es, oppos\u00e9es \u00e0 tout changement salutaire ?<\/p>\n<p>C\u2019est pourquoi, nous, signataires de la d\u00e9claration du 7 octobre 2017 ainsi que du pr\u00e9sent appel, demandons instamment au commandement de l\u2019ANP de nouer un dialogue franc et honn\u00eate avec des figures repr\u00e9sentatives du mouvement citoyen (hirak ), des partis et des forces politiques et sociales qui le soutiennent, afin de trouver, au plus vite, une solution politique consensuelle en mesure de r\u00e9pondre aux aspirations populaires l\u00e9gitimes qui s\u2019expriment quotidiennement depuis bient\u00f4t trois mois.<\/p>\n<p>Alger le 18 mai 2019<\/p>\n<p><strong><em>Abdennour Ali Yahia, Ahmed Taleb Ibrahimi<\/em><\/strong><br \/><strong><em>Rachid Benyelles<\/em><\/strong><\/p>\n<div class=\"yuzo_related_post style-1\" data-version=\"5.12.88\">\n<p><h3>Related Post<\/h3>\n<\/p>\n<div class=\"yuzo_wraps\">\n<div class=\"relatedthumb relatedpost-574102 c11\"><a href=\"https:\/\/www.elwatan.com\/edition\/actualite\/appreciation-obsolete-de-la-valeur-de-lequipement-devcon-cevital-larticle-16-du-code-des-douanes-transgresse-selon-ligf-27-04-2019\"\/><\/p>\n<p><span class=\"yuzo__text--title c10\">Appr\u00e9ciation obsol\u00e8te de la valeur de l\u2019\u00e9quipement&#8230;<\/span><\/div>\n<div class=\"relatedthumb relatedpost-556541 c11\"><a href=\"https:\/\/www.elwatan.com\/reperes-eco\/dispositifs-de-creation-dentreprise-role-economique-et-social-04-02-2019\"\/><\/p>\n<p><span class=\"yuzo__text--title c10\">Dispositifs de cr\u00e9ation d\u2019entreprise : r\u00f4le \u00e9cono&#8230;<\/span><\/div>\n<div class=\"relatedthumb relatedpost-558883 c11\"><a href=\"https:\/\/www.elwatan.com\/edition\/culture\/fils-du-chanteur-hamidouche-kedym-un-artiste-epatant-18-02-2019\"\/><\/p>\n<p><span class=\"yuzo__text--title c10\">Fils du chanteur Hamidouche :\u00a0Kedym, un artiste \u00e9p&#8230;<\/span><\/div>\n<div class=\"relatedthumb relatedpost-531848 c11\"><a href=\"https:\/\/www.elwatan.com\/edition\/economie\/indice-fao-pour-le-mois-de-decembre-hausse-des-prix-des-cereales-et-stabilite-pour-les-autres-produits-12-01-2019\"\/><\/p>\n<p><span class=\"yuzo__text--title c10\">Indice FAO pour le mois de d\u00e9cembre : Hausse des p&#8230;<\/span><\/div>\n<\/div>\n<\/div>\n<p><span class=\"post-views-label\">Post Views:<\/span> <span class=\"post-views-count\">663<\/span><\/p>\n<p>Auteur: Hicham Chouadria<br \/>\n<a href=\"https:\/\/www.elwatan.com\/edition\/actualite\/appel-pour-une-solution-consensuelle-19-05-2019\">Cliquez ici pour lire l&rsquo;article depuis sa source.<\/a><\/p>\n","protected":false},"excerpt":{"rendered":"<p>Le 22 f\u00e9vrier 2019, des millions d\u2019Alg\u00e9riens, toutes classes sociales et tous \u00e2ges confondus, sont sortis dans les rues de l\u2019ensemble des grandes villes du pays pour manifester pacifiquement, crier leur col\u00e8re et refuser l\u2019humiliation qu\u2019un pouvoir arrogant et s\u00fbr de lui voulait encore leur faire subir en annon\u00e7ant la candidature pour un 5e mandat [&hellip;]<\/p>\n","protected":false},"author":1743,"featured_media":0,"comment_status":"closed","ping_status":"closed","sticky":false,"template":"","format":"standard","meta":{"fifu_image_url":"","fifu_image_alt":"","footnotes":""},"categories":[73,53],"tags":[],"class_list":["post-35278","post","type-post","status-publish","format-standard","hentry","category-actualite","category-algerie"],"_links":{"self":[{"href":"https:\/\/linitiative.ca\/International\/wp-json\/wp\/v2\/posts\/35278","targetHints":{"allow":["GET"]}}],"collection":[{"href":"https:\/\/linitiative.ca\/International\/wp-json\/wp\/v2\/posts"}],"about":[{"href":"https:\/\/linitiative.ca\/International\/wp-json\/wp\/v2\/types\/post"}],"author":[{"embeddable":true,"href":"https:\/\/linitiative.ca\/International\/wp-json\/wp\/v2\/users\/1743"}],"replies":[{"embeddable":true,"href":"https:\/\/linitiative.ca\/International\/wp-json\/wp\/v2\/comments?post=35278"}],"version-history":[{"count":0,"href":"https:\/\/linitiative.ca\/International\/wp-json\/wp\/v2\/posts\/35278\/revisions"}],"wp:attachment":[{"href":"https:\/\/linitiative.ca\/International\/wp-json\/wp\/v2\/media?parent=35278"}],"wp:term":[{"taxonomy":"category","embeddable":true,"href":"https:\/\/linitiative.ca\/International\/wp-json\/wp\/v2\/categories?post=35278"},{"taxonomy":"post_tag","embeddable":true,"href":"https:\/\/linitiative.ca\/International\/wp-json\/wp\/v2\/tags?post=35278"}],"curies":[{"name":"wp","href":"https:\/\/api.w.org\/{rel}","templated":true}]}}