{"id":35281,"date":"2019-05-19T09:57:03","date_gmt":"2019-05-19T13:57:03","guid":{"rendered":"https:\/\/linitiative.ca\/International\/tipasa-celebration-de-la-journee-de-letudiant-au-cfpa\/"},"modified":"2019-05-19T09:57:03","modified_gmt":"2019-05-19T13:57:03","slug":"tipasa-celebration-de-la-journee-de-letudiant-au-cfpa","status":"publish","type":"post","link":"https:\/\/linitiative.ca\/International\/tipasa-celebration-de-la-journee-de-letudiant-au-cfpa\/","title":{"rendered":"Tipasa\u00a0: C\u00e9l\u00e9bration de la journ\u00e9e de l\u2019\u00e9tudiant au CFPA"},"content":{"rendered":"<h4 class=\"title-14\"\/>\n<p>Le wali de Tipasa vient d\u2019innover en mati\u00e8re de c\u00e9l\u00e9bration de la journ\u00e9e nationale de l\u2019\u00e9tudiant en 2019. Il est loin le temps o\u00f9 l\u2019\u00e9v\u00e9nement \u00e9tait c\u00e9l\u00e9br\u00e9 au centre universitaire (CU) de Tipasa. Les \u00e9tudiants du C.U assistaient \u00e0 la manifestation.<\/p>\n<p>Le d\u00e9funt moudjahid Ghebalou Ahmed connu sous le pseudonyme \u00ab\u00a0H\u2019Mimed\u00a0\u00bb, faisait partie des \u00ab\u00a0Onze\u00a0\u00bb \u00e9tudiants et lyc\u00e9ens envoy\u00e9s en \u00e9claireurs dans les maquis de Hammam Melouane (Blida) avant l\u2019appel du 19 mai 1956 par l\u2019architecte de la R\u00e9volution, Abane Ramdane.<\/p>\n<p>Les responsables l\u2019avaient invit\u00e9 pour animer une conf\u00e9rence, \u00e9tant donn\u00e9 qu\u2019il \u00e9tait l\u2019un des acteurs ayant particip\u00e9 \u00e0 cet \u00e9v\u00e8nement historique. Depuis le 22 f\u00e9vrier 2019, la r\u00e9volte des \u00e9tudiants a chang\u00e9 le cours de l\u2019Histoire aux c\u00f4t\u00e9s de leurs compatriotes.<\/p>\n<p>Le wali de Tipasa craignant la r\u00e9action du comit\u00e9 d\u2019accueil au centre universitaire, a pr\u00e9f\u00e9r\u00e9 c\u00e9l\u00e9brer sobrement au CFPA de Tipasa cette journ\u00e9e nationale. Un protocole pour contourner la col\u00e8re des \u00e9tudiants. La salle du CFPA \u00e9tait bond\u00e9e de stagiaires du CFPA, selon nos sources s\u00fbres.<\/p>\n<div class=\"yuzo_related_post style-1\" data-version=\"5.12.88\">\n<p><h3>Related Post<\/h3>\n<\/p>\n<div class=\"yuzo_wraps\">\n<div class=\"relatedthumb relatedpost-311929 c11\"><a href=\"https:\/\/www.elwatan.com\/regions\/est\/actu-est\/decouverte-macabre-sur-une-plage-del-kala-un-corps-decompose-dans-un-fut-10-12-2018\"\/><\/p>\n<p><span class=\"yuzo__text--title c10\">D\u00e9couverte macabre sur une plage d\u2019El Kala : Un co&#8230;<\/span><\/div>\n<div class=\"relatedthumb relatedpost-462734 c11\"><a href=\"https:\/\/www.elwatan.com\/regions\/sud\/actu-sud\/sud-est-escroquerie-fraude-et-trafic-2-24-07-2014\"\/><\/p>\n<p><span class=\"yuzo__text--title c10\">Sud-est : Escroquerie, fraude et trafic<\/span><\/div>\n<div class=\"relatedthumb relatedpost-364082 c11\"><a href=\"https:\/\/www.elwatan.com\/edition\/international\/le-tueur-doslo-est-dans-une-optique-de-croisade-29-07-2011\"\/><\/p>\n<p><span class=\"yuzo__text--title c10\">Le tueur d\u2019Oslo est dans une optique de croisade<\/span><\/div>\n<div class=\"relatedthumb relatedpost-285588 c11\"><a href=\"https:\/\/www.elwatan.com\/regions\/centre\/blida\/blida-bouffee-doxygene-pour-quelques-clubs-sportifs-08-12-2018\"\/><\/p>\n<p><span class=\"yuzo__text--title c10\">Blida : Bouff\u00e9e d\u2019oxyg\u00e8ne pour quelques clubs spor&#8230;<\/span><\/div>\n<\/div>\n<\/div>\n<p><span class=\"post-views-label\">Post Views:<\/span> <span class=\"post-views-count\">111<\/span><\/p>\n<p>Auteur: Mourad Hachid<br \/>\n<a href=\"https:\/\/www.elwatan.com\/regions\/centre\/tipasa\/tipasa-celebration-de-la-journee-de-letudiant-au-cfpa-19-05-2019\">Cliquez ici pour lire l&rsquo;article depuis sa source.<\/a><\/p>\n","protected":false},"excerpt":{"rendered":"<p>Le wali de Tipasa vient d\u2019innover en mati\u00e8re de c\u00e9l\u00e9bration de la journ\u00e9e nationale de l\u2019\u00e9tudiant en 2019. Il est loin le temps o\u00f9 l\u2019\u00e9v\u00e9nement \u00e9tait c\u00e9l\u00e9br\u00e9 au centre universitaire (CU) de Tipasa. Les \u00e9tudiants du C.U assistaient \u00e0 la manifestation. Le d\u00e9funt moudjahid Ghebalou Ahmed connu sous le pseudonyme \u00ab\u00a0H\u2019Mimed\u00a0\u00bb, faisait partie des \u00ab\u00a0Onze\u00a0\u00bb [&hellip;]<\/p>\n","protected":false},"author":1743,"featured_media":0,"comment_status":"closed","ping_status":"closed","sticky":false,"template":"","format":"standard","meta":{"fifu_image_url":"","fifu_image_alt":"","footnotes":""},"categories":[73,53],"tags":[],"class_list":["post-35281","post","type-post","status-publish","format-standard","hentry","category-actualite","category-algerie"],"_links":{"self":[{"href":"https:\/\/linitiative.ca\/International\/wp-json\/wp\/v2\/posts\/35281","targetHints":{"allow":["GET"]}}],"collection":[{"href":"https:\/\/linitiative.ca\/International\/wp-json\/wp\/v2\/posts"}],"about":[{"href":"https:\/\/linitiative.ca\/International\/wp-json\/wp\/v2\/types\/post"}],"author":[{"embeddable":true,"href":"https:\/\/linitiative.ca\/International\/wp-json\/wp\/v2\/users\/1743"}],"replies":[{"embeddable":true,"href":"https:\/\/linitiative.ca\/International\/wp-json\/wp\/v2\/comments?post=35281"}],"version-history":[{"count":0,"href":"https:\/\/linitiative.ca\/International\/wp-json\/wp\/v2\/posts\/35281\/revisions"}],"wp:attachment":[{"href":"https:\/\/linitiative.ca\/International\/wp-json\/wp\/v2\/media?parent=35281"}],"wp:term":[{"taxonomy":"category","embeddable":true,"href":"https:\/\/linitiative.ca\/International\/wp-json\/wp\/v2\/categories?post=35281"},{"taxonomy":"post_tag","embeddable":true,"href":"https:\/\/linitiative.ca\/International\/wp-json\/wp\/v2\/tags?post=35281"}],"curies":[{"name":"wp","href":"https:\/\/api.w.org\/{rel}","templated":true}]}}