{"id":35285,"date":"2019-05-19T04:00:00","date_gmt":"2019-05-19T08:00:00","guid":{"rendered":"https:\/\/linitiative.ca\/International\/les-nationalistes-tunisiens-et-lunion-francaise1945-1956\/"},"modified":"2019-05-19T04:00:00","modified_gmt":"2019-05-19T08:00:00","slug":"les-nationalistes-tunisiens-et-lunion-francaise1945-1956","status":"publish","type":"post","link":"https:\/\/linitiative.ca\/International\/les-nationalistes-tunisiens-et-lunion-francaise1945-1956\/","title":{"rendered":"Les nationalistes tunisiens et l\u2019Union fran\u00e7aise1945-1956"},"content":{"rendered":"<p><span class=\"c2\">La Tunisie a c\u00e9l\u00e9br\u00e9 il y a deux mois le 63e anniversaire de la proclamation de son ind\u00e9pendance. En effet, apr\u00e8s 75 ans de spoliation de la souverainet\u00e9 tunisienne, il est mis fin au protectorat fran\u00e7ais. Les accords mentionnent notamment: \u00abLa reconnaissance officielle par la France de l\u2019ind\u00e9pendance de la Tunisie, l\u2019annulation du Trait\u00e9 du Bardo qui r\u00e9gissait les relations tuniso-fran\u00e7aises et le droit de la Tunisie \u00e0 exercer sa souverainet\u00e9 dans le domaine des affaires ext\u00e9rieures, de la s\u00e9curit\u00e9 et de la d\u00e9fense\u00bb.<\/span><\/p>\n<p>Cependant, les tentatives de remise en cause des acquis de notre ind\u00e9pendance ne cessent d\u2019alimenter les tiraillements politiques et de troubler les jeunes g\u00e9n\u00e9rations. Aussi, nous-a-t-il sembl\u00e9 opportun de rappeler et le contexte et les conditions historiques qui ont marqu\u00e9 ces accords.<\/p>\n<p>C\u2019est dans cette p\u00e9riode charni\u00e8re que constitua la fin de la Seconde Guerre mondiale pour le colonialisme que s\u2019esquissa le tournant d\u00e9cisif pour le nationalisme tunisien. La restructuration des rapports de force dans le monde avec deux super-grands; les \u00c9tats-Unis et l\u2019Urss, la cr\u00e9ation de l\u2019ONU, devenant une tribune dont les \u00e9chos faisaient le tour du monde, la fondation de la Ligue arabe, le 22 mai 1945&#8230; amen\u00e8rent la politique coloniale fran\u00e7aise \u00e0 \u00e9laborer un projet ambitieux pour conserver son empire colonial et sauvegarder sa puissance dans le monde.<\/p>\n<p>Il s\u2019agit de l\u2019Union fran\u00e7aise.<\/p>\n<h2>Qu\u2019est-ce donc l\u2019Union fran\u00e7aise: principe, composition et organisation<\/h2>\n<p>Annonc\u00e9 par le G\u00e9n\u00e9ral de Gaulle \u00e0 la Conf\u00e9rence de Brazzaville (30 janvier-8 f\u00e9vrier 1944), ce projet ne prit sa forme d\u00e9finitive qu\u2019apr\u00e8s l\u2019adoption de la Constitution, le 13 octobre 1946. Si la conf\u00e9rence heurta le monde colonial en envisageant \u00abune assembl\u00e9e f\u00e9d\u00e9rale respectueuse de la vie et des libert\u00e9s locales\u00bb, elle posa au pr\u00e9alable de ses travaux ce principe indiscutable: \u00abLes faits de l\u2019\u0153uvre de civilisation accomplie par la France \u00e9cartent toute id\u00e9e d\u2019autonomie, toute possibilit\u00e9 d\u2019\u00e9volution hors du bloc fran\u00e7ais, la constitution m\u00eame lointaine de self-government est \u00e0 \u00e9carter.\u00bb<sup><span class=\"c3\"><strong>(1)<\/strong><\/span><\/sup><\/p>\n<p>L\u2019Union fran\u00e7aise se pr\u00e9sentait comme un compl\u00e9ment \u00e0 la R\u00e9publique fran\u00e7aise une et indivisible. L\u2019Union est compos\u00e9e de deux parties in\u00e9gales: les d\u00e9partements et territoires d\u2019outre-mer y faisaient partie et tous les individus \u00e9taient citoyens fran\u00e7ais. Les \u00c9tats associ\u00e9s par contre gardaient leur nationalit\u00e9 et leur syst\u00e8me politique. Les uns et les autres d\u00e9signaient des membres \u00e0 l\u2019Assembl\u00e9e et au haut conseil de l\u2019Union.<\/p>\n<p>Les organismes centraux de l\u2019Union \u00e9taient: un pr\u00e9sident qui \u00e9tait de droit le pr\u00e9sident de la R\u00e9publique fran\u00e7aise, assist\u00e9 d\u2019un haut conseil et d\u2019une Assembl\u00e9e de repr\u00e9sentants \u00e9lus de ces pays avec un r\u00f4le consultatif.<\/p>\n<p>Le monde colonial se r\u00e9jouissait non sans cynisme. \u00abFort habilement, nos gouvernants ont transform\u00e9 la maison de la rue Oudinot en un minist\u00e8re de la France outre-mer et l\u2019empire est devenu l\u2019Union [\u2026] mieux vaut changer le nom et garder la chose\u2026\u00bb<strong><sup><span class=\"c3\">(2)<\/span><\/sup><\/strong><\/p>\n<h2>Quelles \u00e9taient alors les donn\u00e9es du probl\u00e8me en Tunisie?<\/h2>\n<p>A la lumi\u00e8re du texte de la nouvelle constitution fran\u00e7aise et des interpr\u00e9tations qu\u2019on fit du titre VIII relatif \u00e0 l\u2019Union fran\u00e7aise, la question se posait ainsi : les Etats associ\u00e9s, la Tunisie et le Maroc, font-ils d\u2019ores et d\u00e9j\u00e0 partie de l\u2019Union fran\u00e7aise! La question suscita pol\u00e9miques et d\u00e9bats passionn\u00e9s. Le 23 ao\u00fbt 1946, le Congr\u00e8s de la \u00abNuit du destin\u00bb r\u00e9unit toutes les sensibilit\u00e9s politiques, syndicales et religieuses tunisiennes qui, unanimes, revendiquent l\u2019ind\u00e9pendance du pays. Un front nationaliste, h\u00e9t\u00e9roclite certes (moncefistes, zeitouniens, destouriens, n\u00e9o-destouriens\u2026), mais unanimes \u00e0 proclamer la d\u00e9ch\u00e9ance du protectorat, s\u2019organisa. La presse nationaliste mit l\u2019accent sur l\u2019id\u00e9e d\u2019ind\u00e9pendance, les articles portaient la signature d\u2019\u00e9minents destouriens, citons en particulier Allala Belhouane et H\u00e9di Nouira pour \u00abEl Horria\u00bb et \u00abMission\u00bb,\u00a0 Salah Farhat, Habib Chelbi, Moncef El Monastiri, Mohieddine El Klibi pour \u00abEl Irada\u00bb, Chedli Khairallah pour \u00abLa Voix du Tunisien\u00bb\u2026<\/p>\n<p class=\"c4\"><img loading=\"lazy\" decoding=\"async\" src=\"\/uploads\/FCK_files\/11(4).jpg\" alt=\"\" width=\"700\" vspace=\"5\" hspace=\"5\" height=\"454\" align=\"middle\"\/><\/p>\n<h2>Le tableau ci-apr\u00e8s fournit quelques exemples<\/h2>\n<table width=\"700\" cellspacing=\"1\" cellpadding=\"1\" border=\"1\">\n<tbody readability=\"7.5\">\n<tr readability=\"2\">\n<td>Titres de journaux<\/td>\n<td>\u00c9ditoriaux ou articles de fond<\/td>\n<td>Date<\/td>\n<\/tr>\n<tr>\n<td>Ezzohra<\/td>\n<td>Ils sont t\u00eatus<\/td>\n<td>18 septembre 1947<\/td>\n<\/tr>\n<tr readability=\"8\">\n<td>La Voix du Tunisien<\/td>\n<td readability=\"9\">\n<p>Nous ne pouvons adh\u00e9rer \u00e0 l\u2019Union fran\u00e7aise &#8211; Nationalisme et Union fran\u00e7aise<\/p>\n<p>L\u2019Union fran\u00e7aise et droit des peuples \u00e0 disposer d\u2019eux-m\u00eames<\/p>\n<p>Qu\u2019est-ce que l\u2019Union fran\u00e7aise<\/p>\n<\/td>\n<td>\n<p>7 d\u00e9cembre 1947<\/p>\n<p>7 mai 1948<\/p>\n<p>21 avril 1948<\/p>\n<\/td>\n<\/tr>\n<tr readability=\"2\">\n<td>Mission<\/td>\n<td>L\u2019Union fran\u00e7aise c\u2019est la farce<\/td>\n<td>28 avril 1948<\/td>\n<\/tr>\n<tr readability=\"2\">\n<td>\u00a0<\/td>\n<td>La co-souverainet\u00e9 est impensable<\/td>\n<td>30 juin 1950<\/td>\n<\/tr>\n<tr readability=\"4\">\n<td>El Irada<\/td>\n<td>La nouvelle politique fran\u00e7aise apr\u00e8s Brazzaville Notre ind\u00e9pendance d\u2019abord<\/td>\n<td>\n<p>11 mars 1948<\/p>\n<p>22 juin 1948<\/p>\n<\/td>\n<\/tr>\n<\/tbody>\n<\/table>\n<p>\u00abQue deviendraient les pouvoirs l\u00e9gislatifs du sultan du Maroc et le Bey de Tunis!\u00bb s\u2019interroge la Voix du Tunisien. \u00abNe serait-ce pas l\u00e0 un moyen tr\u00e8s sournois de d\u00e9passer les tol\u00e9rances contenues dans les trait\u00e9s que d\u00e9j\u00e0 Marocains et Tunisiens estiment caducs et ne franchirait-on pas ainsi d\u2019un bond cette pr\u00e9tendue co-souverainet\u00e9 pour ensuite en faire une \u00e9tape dans la voie de l\u2019assimilation\u00bb<strong><sup><span class=\"c3\">(3)<\/span><\/sup><\/strong>. \u00abNous sommes ramen\u00e9s \u00e0 une situation inf\u00e9rieure \u00e0 celle de 1881\u00bb ajoute,\u00a0 Mission<span class=\"c3\"><sup><strong>(4)<\/strong><\/sup><\/span>. En outre, rel\u00e8vent El Irada<strong><sup><span class=\"c3\">(5)<\/span><\/sup><\/strong> et Ezzohra<sup><strong><span class=\"c3\">(6)<\/span><\/strong><\/sup> Cette adh\u00e9sion aurait fait perdre aux Tunisiens leur nationalit\u00e9, leur drapeau, autrefois conqu\u00e9rant du Maghreb et de la moiti\u00e9 de l\u2019Europe. L\u2019avenir de la Tunisie \u00e9tait avec une f\u00e9d\u00e9ration d\u2019Etats arabes, \u00abaux Fran\u00e7ais de rechercher la leur aupr\u00e8s de leurs s\u0153urs latines.\u00bb<\/p>\n<p>Les rapports de la R\u00e9sidence g\u00e9n\u00e9rale signalaient une grande effervescence, notamment lors de la comm\u00e9moration de l\u2019anniversaire de la Ligue arabe. \u00abLe Tunisien n\u2019est pas dupe\u00bb, affirme Mission, \u00abNon consult\u00e9 pour le principe, ni sur le fond ni sur la forme, il refuse le fait accompli\u2026\u00bb<\/p>\n<p>Il est vrai que l\u2019action conjointe de la Ligue arabe, du comit\u00e9 de Lib\u00e9ration du Maghreb et du Bureau du Maghreb arabe au Caire o\u00f9 s\u2019activait Habib Bourguiba\u2026 consolida jusqu\u2019\u00e0 la fin de l\u2019ann\u00e9e 1948 les positions intransigeantes du nationalisme tunisien. La jonction du nationalisme avec la cour beylicale \u00e9tait en outre parfaite et inqui\u00e9tait fort bien la R\u00e9sidence g\u00e9n\u00e9rale.<\/p>\n<p>\u00abQue veut la Tunisie !\u00bb, titrait la Voix du Tunisien au nom des leaders du N\u00e9o-destour Habib Bourguiba et Salah Ben Youssef.<\/p>\n<p>\u00abNous le savons : l\u2019ind\u00e9pendance par paliers, ind\u00e9pendance par transitions, ind\u00e9pendance totale, simple gradation dans la conception d\u2019ind\u00e9pendance aboutissant \u00e0 un trait\u00e9 d\u2019alliance et d\u2019amiti\u00e9 avec la France dans le cas o\u00f9 cette France aurait favoris\u00e9 la libert\u00e9 du peuple tunisien.\u00bb<\/p>\n<p>\u00abCe que la Tunisie ne veut pas ! Nous le savons aussi: pas d\u2019int\u00e9gration \u00e0 quelque titre que ce soit dans l\u2019Union fran\u00e7aise. Nous ne voulons pas \u00eatre Fran\u00e7ais. Nous sommes Tunisiens, nous voulons demeurer Tunisiens, amis de la France, si la France respecte notre amour- propre national, adversaires irr\u00e9ductible si elle s\u2019obstine \u00e0 ignorer nos sentiments\u2026\u00bb<span class=\"c3\"><sup><strong>(7)<\/strong><\/sup><\/span><\/p>\n<p>En fait, face au raz-de-mar\u00e9e nationaliste, le gouvernement fran\u00e7ais \u00e9tait accul\u00e9 \u00e0 jeter du lest par la promesse de r\u00e9formes substantielles. Ce fut la mission impossible d\u00e9l\u00e9gu\u00e9e aux R\u00e9sidents g\u00e9n\u00e9raux : Jean Mons puis Louis P\u00e9rillier pour convaincre et les Tunisiens et les Fran\u00e7ais de Tunisie de l\u2019inconciliable. En ce d\u00e9but des ann\u00e9es cinquante, les forces nationalistes se r\u00e9organisaient. L\u2019apport de l\u2019Ugtt, fond\u00e9e le 2 janvier 1946 sur l\u2019initiative de Farhat Hached, fut d\u00e9cisif. Celle-ci r\u00e9ussit \u00e0 articuler l\u2019action sociale et l\u2019action d\u2019\u00e9mancipation nationale dans une synchronisation rigoureuse avec le N\u00e9o-Destour. Profitant de ces ann\u00e9es o\u00f9 la France acceptait de nouveau le dialogue, un gouvernement de n\u00e9gociation se constitua en ao\u00fbt 1950, avec la participation du N\u00e9o-Destour repr\u00e9sent\u00e9 par le leader Salah Ben Youssef. L\u2019objet des n\u00e9gociations, arr\u00eat\u00e9 d\u2019un commun accord, portait sur un plan de r\u00e9formes susceptibles de conduire la Tunisie \u00e0 l\u2019autonomie interne.<\/p>\n<p>\u00abLa question des \u00e9tapes est secondaire\u00bb, \u00e9crit Habib Bourguiba, le 12 mars 1951, dans une lettre \u00e0 son fils de Karatchi: \u00abSi on est d\u2019accord sur le but\u2026 nous avons admis que le transfert de ces pr\u00e9rogatives peut se faire par \u00e9tapes au profit des rouages de l\u2019Etat tunisien mais nous ne pouvons accepter que ces rouages soient eux-m\u00eames franco-tunisiens\u00bb<\/p>\n<p>Sans doute aussi que l\u2019\u00e9chec des arm\u00e9es arabes au printemps 1948, la cr\u00e9ation de l\u2019Etat d\u2019Isra\u00ebl, les retomb\u00e9es du probl\u00e8me palestinien, les rivalit\u00e9s franco-britanniques d\u2019un c\u00f4t\u00e9,\u00a0 l\u2019opposition am\u00e9ricano-sovi\u00e9tique de l\u2019autre expliquaient le r\u00e9ajustement de la strat\u00e9gie du N\u00e9o-Destour qui avait fond\u00e9 son action sur l\u2019hypoth\u00e8se d\u2019une aide ext\u00e9rieure (soutien arabe anglo-saxon) qui aurait accul\u00e9 la France \u00e0 composer. Mais quand le 15 d\u00e9cembre 1951, la France fait savoir dans une note \u00e9crite que les r\u00e9formes \u00e0 entreprendre doivent consacrer le principe de la co-souverainet\u00e9, opposant de la sorte \u00abune fin de non-recevoir \u00bb aux revendications d\u2019autonomie, pour les nationalistes, ce fut la cons\u00e9cration de l\u2019arbitraire. L\u2019escalade r\u00e9sistance-oppression prit une nouvelle ampleur, une forme de lutte ultime appara\u00eet : la lutte arm\u00e9e. Un encha\u00eenement infernal de violence s\u2019abat sur la Tunisie: ratissage des villes et villages, d\u00e9vastations et pillages, exactions de la\u00a0 Main Rouge dont l\u2019assassinat de Farhat Hached et H\u00e9di Chaker, condamnations et ex\u00e9cutions de militants\u2026La violence et la terreur atteint son paroxysme entre 1952-1954, elle acc\u00e9l\u00e9ra la jonction entre les diff\u00e9rentes composantes de la nation et finit par troubler l\u2019opinion internationale. Elle ne prit fin qu\u2019avec la proclamation de l\u2019autonomie interne du pays. Le protocole d\u2019accord est sign\u00e9 le 3 juin 1955, le 20 mars 1956 la Tunisie acc\u00e8de \u00e0 l\u2019ind\u00e9pendance sans indication aucune concernant une quelconque appartenance \u00e0 l\u2019Union fran\u00e7aise. Le premier gouvernement de la Tunisie ind\u00e9pendante prit place dans un contexte politique, \u00e9conomique et social particuli\u00e8rement difficile. En effet, \u00e0 50 m\u00e8tres de la pr\u00e9sidence, sur la caserne de la Kasbah, flottait encore le drapeau tricolore, des sentinelles fran\u00e7aises veillaient aux abords, la police et la gendarmerie fran\u00e7aises circulaient librement dans le pays, les colons, pour la plupart ennemis d\u00e9clar\u00e9s du nouveau r\u00e9gime, tenaient jalousement leurs domaines. Les difficult\u00e9s\u00a0 ext\u00e9rieures n\u2019\u00e9taient pas moindres. Aux fronti\u00e8res alg\u00e9riennes, il fallait soutenir l\u2019Alg\u00e9rie en guerre, sans compromettre l\u2019entente avec la France. Le jeune gouvernement dut protester en effet, en octobre 1956, contre l\u2019enl\u00e8vement du militant Ahmed Ben Bella et faire chorus contre la France lanc\u00e9e dans la guerre de Suez\u2026<\/p>\n<p>\u00abComment dans de telles conditions d\u00e9gager la souverainet\u00e9 tunisienne et construire le nouvel Etat? Autant lib\u00e9rer de la ronce un fil de soie\u00bb, devait dire le leader Habib Bourguiba. Il construira sur tous les plans l\u2019Etat tunisien. Premier pr\u00e9sident de la R\u00e9publique, il disait aussi: \u00abLa libert\u00e9, c\u2019est certes se lib\u00e9rer du joug de l\u2019\u00e9tranger mais aussi, se lib\u00e9rer de la faim, du d\u00e9nuement, de l\u2019ignorance et du fanatisme\u00bb.<\/p>\n<p>Avec son ami Jean Daniel, il convenait que \u00abL\u2019identit\u00e9 n\u2019est pas faite de rejet, mais de digestion des apports. L\u2019identit\u00e9 d\u2019un jeune Tunisien, ce n\u2019est pas de ressembler \u00e0 tous les jeunes Arabes ou \u00e0 tous les jeunes musulmans, c\u2019est d\u2019\u00eatre Tunisien\u00bb.<\/p>\n<p class=\"c5\"><strong>Saloua Khadhar Zangar<\/strong><\/p>\n<p class=\"c7\"><span class=\"c6\"><span class=\"c3\"><sup><strong>(1)<\/strong><\/sup><\/span>Brochure \u00e9dit\u00e9e \u00e0 Alger en avril 1944<br \/><span class=\"c3\"><sup><strong>(2)<\/strong><\/sup><\/span>\u00abMarch\u00e9s coloniaux\u00bb 23 novembre 1946<br \/><span class=\"c3\"><sup><strong>(3)<\/strong><\/sup><\/span>La Voix du Tunisien 7 d\u00e9cembre 1947<br \/><span class=\"c3\"><sup><strong>(4)<\/strong><\/sup><\/span>Mission du 5 mai 1948<br \/><span class=\"c3\"><sup><strong>(5)<\/strong><\/sup><\/span>El Irada du 9 mars 1948<br \/><span class=\"c3\"><sup><strong>(6)<\/strong><\/sup><\/span>Ezzohra du 18 septembre 1947<br \/><span class=\"c3\"><sup><strong>(7)<\/strong><\/sup><\/span>La Voix du Tunisien du 12 septembre 1947<br \/><span class=\"c3\"><sup><strong>(8)<\/strong><\/sup><\/span>La voix du Tunisien du 5 septembre 1947, un message de Habib Bourguiba<\/span><\/p>\n<p>Auteur:<br \/>\n<a href=\"https:\/\/www.leaders.com.tn\/article\/27130-les-nationalistes-tunisiens-et-l-union-francaise1945-1956\">Cliquez ici pour lire l&rsquo;article depuis sa source.<\/a><\/p>\n","protected":false},"excerpt":{"rendered":"<p>La Tunisie a c\u00e9l\u00e9br\u00e9 il y a deux mois le 63e anniversaire de la proclamation de son ind\u00e9pendance. En effet, apr\u00e8s 75 ans de spoliation de la souverainet\u00e9 tunisienne, il est mis fin au protectorat fran\u00e7ais. Les accords mentionnent notamment: \u00abLa reconnaissance officielle par la France de l\u2019ind\u00e9pendance de la Tunisie, l\u2019annulation du Trait\u00e9 du [&hellip;]<\/p>\n","protected":false},"author":1772,"featured_media":35286,"comment_status":"closed","ping_status":"closed","sticky":false,"template":"","format":"standard","meta":{"fifu_image_url":"","fifu_image_alt":"","footnotes":""},"categories":[73,55],"tags":[],"class_list":["post-35285","post","type-post","status-publish","format-standard","has-post-thumbnail","hentry","category-actualite","category-tunisie"],"_links":{"self":[{"href":"https:\/\/linitiative.ca\/International\/wp-json\/wp\/v2\/posts\/35285","targetHints":{"allow":["GET"]}}],"collection":[{"href":"https:\/\/linitiative.ca\/International\/wp-json\/wp\/v2\/posts"}],"about":[{"href":"https:\/\/linitiative.ca\/International\/wp-json\/wp\/v2\/types\/post"}],"author":[{"embeddable":true,"href":"https:\/\/linitiative.ca\/International\/wp-json\/wp\/v2\/users\/1772"}],"replies":[{"embeddable":true,"href":"https:\/\/linitiative.ca\/International\/wp-json\/wp\/v2\/comments?post=35285"}],"version-history":[{"count":0,"href":"https:\/\/linitiative.ca\/International\/wp-json\/wp\/v2\/posts\/35285\/revisions"}],"wp:featuredmedia":[{"embeddable":true,"href":"https:\/\/linitiative.ca\/International\/wp-json\/"}],"wp:attachment":[{"href":"https:\/\/linitiative.ca\/International\/wp-json\/wp\/v2\/media?parent=35285"}],"wp:term":[{"taxonomy":"category","embeddable":true,"href":"https:\/\/linitiative.ca\/International\/wp-json\/wp\/v2\/categories?post=35285"},{"taxonomy":"post_tag","embeddable":true,"href":"https:\/\/linitiative.ca\/International\/wp-json\/wp\/v2\/tags?post=35285"}],"curies":[{"name":"wp","href":"https:\/\/api.w.org\/{rel}","templated":true}]}}