{"id":35289,"date":"2019-05-19T06:00:00","date_gmt":"2019-05-19T10:00:00","guid":{"rendered":"https:\/\/linitiative.ca\/International\/le-regiment-immortel-a-debarque-a-annaba\/"},"modified":"2019-05-19T06:00:00","modified_gmt":"2019-05-19T10:00:00","slug":"le-regiment-immortel-a-debarque-a-annaba","status":"publish","type":"post","link":"https:\/\/linitiative.ca\/International\/le-regiment-immortel-a-debarque-a-annaba\/","title":{"rendered":"Le R\u00e9giment immortel  a \u00abd\u00e9barqu\u00e9\u00bb \u00e0 Annaba"},"content":{"rendered":"<p class=\"c3\">Apr\u00e8s avoir conquis l\u2019Europe, le R\u00e9giment immortel vient de d\u00e9barquer en Afrique en \u00e9tablissant une \u00abt\u00eate de pont\u00bb sur la c\u00f4te est alg\u00e9rienne. En effet, le 10 mai dernier, la manifestation \u00abR\u00e9giment immortel\u00bb s\u2019est d\u00e9roul\u00e9e \u00e0 Annaba. 25 personnes ont particip\u00e9 \u00e0 l&rsquo;\u00e9v\u00e9nement. Le m\u00eame jour, une \u00able\u00e7on de m\u00e9moire\u00bb a \u00e9t\u00e9 tenue pour les enfants de la communaut\u00e9 russe \u00e0 Annaba. Le pr\u00e9sident de la filiale locale de l&rsquo;Association de la communaut\u00e9 russe en Alg\u00e9rie a expliqu\u00e9 \u00e0 la jeune g\u00e9n\u00e9ration \u00e0 quel point il est important de se souvenir de l\u2019h\u00e9ro\u00efsme des combattants contre le nazisme durant la Seconde Guerre mondiale. La marche du R\u00e9giment immortel est organis\u00e9e depuis 2012 en Russie et dans d&rsquo;autres pays, notamment la France, les Etats-Unis et l\u2019Italie. Elle co\u00efncide avec le Jour de la Victoire, qui comm\u00e9more la capitulation de l&rsquo;Allemagne nazie. Dans le cadre de cette comm\u00e9moration, les gens brandissent des photos de leurs parents ayant particip\u00e9 \u00e0 la Grande Guerre patriotique (la guerre contre les nazis men\u00e9e par l&rsquo;URSS en 1941-1945).<\/p>\n<p class=\"c3\">Dans le m\u00eame contexte, M. Igor Beliaev, ambassadeur extraordinaire et pl\u00e9nipotentiaire de la F\u00e9d\u00e9ration de Russie en Alg\u00e9rie, avait d\u00e9pos\u00e9 le 9 mai 2019 une gerbe de fleurs sur le tombeau du soldat sovi\u00e9tique I. Ostapchenko, enterr\u00e9 dans le cimeti\u00e8re militaire britannique d\u2019Alger.\u00a0<br \/>Notre pays est plus li\u00e9 qu\u2019on ne le pense aux grands \u00e9v\u00e9nements de la Seconde Guerre mondiale.\u00a0<br \/>K. B.<br \/>bakoukader@yahoo.fr<\/p>\n<p>Auteur:<br \/>\n<a href=\"https:\/\/www.lesoirdalgerie.com\/culture\/le-regiment-immortel-a-debarque-a-annaba-24064\">Cliquez ici pour lire l&rsquo;article depuis sa source.<\/a><\/p>\n","protected":false},"excerpt":{"rendered":"<p>Apr\u00e8s avoir conquis l\u2019Europe, le R\u00e9giment immortel vient de d\u00e9barquer en Afrique en \u00e9tablissant une \u00abt\u00eate de pont\u00bb sur la c\u00f4te est alg\u00e9rienne. En effet, le 10 mai dernier, la manifestation \u00abR\u00e9giment immortel\u00bb s\u2019est d\u00e9roul\u00e9e \u00e0 Annaba. 25 personnes ont particip\u00e9 \u00e0 l&rsquo;\u00e9v\u00e9nement. Le m\u00eame jour, une \u00able\u00e7on de m\u00e9moire\u00bb a \u00e9t\u00e9 tenue pour les [&hellip;]<\/p>\n","protected":false},"author":1741,"featured_media":0,"comment_status":"closed","ping_status":"closed","sticky":false,"template":"","format":"standard","meta":{"fifu_image_url":"","fifu_image_alt":"","footnotes":""},"categories":[73,53],"tags":[],"class_list":["post-35289","post","type-post","status-publish","format-standard","hentry","category-actualite","category-algerie"],"_links":{"self":[{"href":"https:\/\/linitiative.ca\/International\/wp-json\/wp\/v2\/posts\/35289","targetHints":{"allow":["GET"]}}],"collection":[{"href":"https:\/\/linitiative.ca\/International\/wp-json\/wp\/v2\/posts"}],"about":[{"href":"https:\/\/linitiative.ca\/International\/wp-json\/wp\/v2\/types\/post"}],"author":[{"embeddable":true,"href":"https:\/\/linitiative.ca\/International\/wp-json\/wp\/v2\/users\/1741"}],"replies":[{"embeddable":true,"href":"https:\/\/linitiative.ca\/International\/wp-json\/wp\/v2\/comments?post=35289"}],"version-history":[{"count":0,"href":"https:\/\/linitiative.ca\/International\/wp-json\/wp\/v2\/posts\/35289\/revisions"}],"wp:attachment":[{"href":"https:\/\/linitiative.ca\/International\/wp-json\/wp\/v2\/media?parent=35289"}],"wp:term":[{"taxonomy":"category","embeddable":true,"href":"https:\/\/linitiative.ca\/International\/wp-json\/wp\/v2\/categories?post=35289"},{"taxonomy":"post_tag","embeddable":true,"href":"https:\/\/linitiative.ca\/International\/wp-json\/wp\/v2\/tags?post=35289"}],"curies":[{"name":"wp","href":"https:\/\/api.w.org\/{rel}","templated":true}]}}