{"id":35292,"date":"2019-05-19T08:59:11","date_gmt":"2019-05-19T12:59:11","guid":{"rendered":"https:\/\/linitiative.ca\/International\/ligue-des-champions-mauvaise-nouvelle-pour-le-wydad-avant-la-finale-aller\/"},"modified":"2019-05-19T08:59:11","modified_gmt":"2019-05-19T12:59:11","slug":"ligue-des-champions-mauvaise-nouvelle-pour-le-wydad-avant-la-finale-aller","status":"publish","type":"post","link":"https:\/\/linitiative.ca\/International\/ligue-des-champions-mauvaise-nouvelle-pour-le-wydad-avant-la-finale-aller\/","title":{"rendered":"Ligue des champions : Mauvaise nouvelle pour le Wydad avant la finale aller"},"content":{"rendered":"<div class=\"nc_socialPanel swp_flatFresh swp_d_fullColor swp_i_fullColor swp_o_fullColor scale-100 scale-fullWidth\" data-position=\"none\" data-float=\"floatNone\" data-count=\"5\" data-floatcolor=\"#ffffff\" data-emphasize=\"0\">\n<div class=\"nc_tweetContainer totes totesalt\" data-id=\"6\"><span class=\"swp_count\"><span class=\"swp_label\">Partages<\/span> 0<\/span><\/div>\n<\/div>\n<p>Un casse-t\u00eate pour le staff technique de\u00a0Wydad\u00a0de Casablanca ! Bless\u00e9 durant\u00a0le match disput\u00e9 jeudi face \u00e0 Tanger, le <span class=\"TextRun SCXW250736570 BCX0\" lang=\"FR-FR\" xml:lang=\"FR-FR\"><span class=\"ContextualSpellingAndGrammarError SCXW250736570 BCX0\">lat\u00e9ral<\/span><\/span><span class=\"TextRun SCXW250736570 BCX0\" lang=\"FR-FR\" xml:lang=\"FR-FR\"><span class=\"NormalTextRun SCXW250736570 BCX0\">\u00a0gauche Ayoub El\u00a0<\/span><\/span><span class=\"TextRun SCXW250736570 BCX0\" lang=\"FR-FR\" xml:lang=\"FR-FR\"><span class=\"SpellingError SCXW250736570 BCX0\">Amloud<\/span><\/span>\u00a0souffre d\u2019une fracture \u00e0 la main droite. Il a donc d\u00e9clar\u00e9 forfait pour le match contre l\u2019Esp\u00e9rance de Tunis pour le compte de la finale aller de la Ligue des champions.<\/p>\n<p>Par contre, l\u2019ailier Ismail El Haddad devrait \u00eatre pr\u00e9sent. Ayant souffert de douleurs au niveau du genou face \u00e0 Tanger, il subira un scanner et devra \u00eatre op\u00e9rationnel vendredi prochain, face aux \u201cSang et or\u201d.<\/p>\n<div class=\"code-block code-block-1 c4\"><ins class=\"adsbygoogle c3\" data-ad-layout=\"in-article\" data-ad-format=\"fluid\" data-ad-client=\"ca-pub-2102118777505746\" data-ad-slot=\"7301775417\"\/> <\/div>\n<p>Le WAC souffre d\u2019une crise dans la derni\u00e8re p\u00e9riode\u00a0du championnat marocain apr\u00e8s avoir \u00e9chou\u00e9 \u00e0 gagner lors des cinq derniers matchs pour couronner le titre de la ligue qui devient improbabale , notamment apr\u00e8s que son rival le Raja ait r\u00e9duit la diff\u00e9rence \u00e0 3 points.<\/p>\n<p>Il est \u00e0 noter que l\u2019EST se d\u00e9placera le 24 mai (23h00) au Maroc pour d\u00e9fier le WAC dans le cadre de la finale aller de la C1.<\/p>\n<div class=\"mvp-org-wrap mvp-org-logo\" itemprop=\"publisher\" itemscope=\"\" itemtype=\"https:\/\/schema.org\/Organization\"><img decoding=\"async\" src=\"https:\/\/sport.tunisienumerique.com\/wp-content\/uploads\/2017\/05\/logo_tunisie_numerique.png\"\/><\/div>\n<div class=\"nc_socialPanel swp_flatFresh swp_d_fullColor swp_i_fullColor swp_o_fullColor scale-100 scale-fullWidth\" data-position=\"none\" data-float=\"floatNone\" data-count=\"5\" data-floatcolor=\"#ffffff\" data-emphasize=\"0\">\n<div class=\"nc_tweetContainer totes totesalt\" data-id=\"6\"><span class=\"swp_count\"><span class=\"swp_label\">Partages<\/span> 0<\/span><\/div>\n<\/div>\n<div class=\"mvp-related-posts left relative\">\n<h4 class=\"post-header\"><span class=\"post-header\">Lire aussi<\/span><\/h4>\n<\/div>\n<p>Auteur: a.<br \/>\n<a href=\"https:\/\/sport.tunisienumerique.com\/ligue-champions-mauvaise-nouvelle-wydad-finale-aller\/\">Cliquez ici pour lire l&rsquo;article depuis sa source.<\/a><\/p>\n","protected":false},"excerpt":{"rendered":"<p>Partages 0 Un casse-t\u00eate pour le staff technique de\u00a0Wydad\u00a0de Casablanca ! Bless\u00e9 durant\u00a0le match disput\u00e9 jeudi face \u00e0 Tanger, le lat\u00e9ral\u00a0gauche Ayoub El\u00a0Amloud\u00a0souffre d\u2019une fracture \u00e0 la main droite. Il a donc d\u00e9clar\u00e9 forfait pour le match contre l\u2019Esp\u00e9rance de Tunis pour le compte de la finale aller de la Ligue des champions. Par contre, [&hellip;]<\/p>\n","protected":false},"author":1789,"featured_media":35293,"comment_status":"closed","ping_status":"closed","sticky":false,"template":"","format":"standard","meta":{"fifu_image_url":"","fifu_image_alt":"","footnotes":""},"categories":[73,55],"tags":[],"class_list":["post-35292","post","type-post","status-publish","format-standard","has-post-thumbnail","hentry","category-actualite","category-tunisie"],"_links":{"self":[{"href":"https:\/\/linitiative.ca\/International\/wp-json\/wp\/v2\/posts\/35292","targetHints":{"allow":["GET"]}}],"collection":[{"href":"https:\/\/linitiative.ca\/International\/wp-json\/wp\/v2\/posts"}],"about":[{"href":"https:\/\/linitiative.ca\/International\/wp-json\/wp\/v2\/types\/post"}],"author":[{"embeddable":true,"href":"https:\/\/linitiative.ca\/International\/wp-json\/wp\/v2\/users\/1789"}],"replies":[{"embeddable":true,"href":"https:\/\/linitiative.ca\/International\/wp-json\/wp\/v2\/comments?post=35292"}],"version-history":[{"count":0,"href":"https:\/\/linitiative.ca\/International\/wp-json\/wp\/v2\/posts\/35292\/revisions"}],"wp:featuredmedia":[{"embeddable":true,"href":"https:\/\/linitiative.ca\/International\/wp-json\/"}],"wp:attachment":[{"href":"https:\/\/linitiative.ca\/International\/wp-json\/wp\/v2\/media?parent=35292"}],"wp:term":[{"taxonomy":"category","embeddable":true,"href":"https:\/\/linitiative.ca\/International\/wp-json\/wp\/v2\/categories?post=35292"},{"taxonomy":"post_tag","embeddable":true,"href":"https:\/\/linitiative.ca\/International\/wp-json\/wp\/v2\/tags?post=35292"}],"curies":[{"name":"wp","href":"https:\/\/api.w.org\/{rel}","templated":true}]}}