{"id":35300,"date":"2019-05-19T09:38:27","date_gmt":"2019-05-19T13:38:27","guid":{"rendered":"https:\/\/linitiative.ca\/International\/tunisie-elloumi-tout-le-monde-veut-mettre-la-main-sur-les-medias-le-gouvernement-en-premier\/"},"modified":"2019-05-19T09:38:27","modified_gmt":"2019-05-19T13:38:27","slug":"tunisie-elloumi-tout-le-monde-veut-mettre-la-main-sur-les-medias-le-gouvernement-en-premier","status":"publish","type":"post","link":"https:\/\/linitiative.ca\/International\/tunisie-elloumi-tout-le-monde-veut-mettre-la-main-sur-les-medias-le-gouvernement-en-premier\/","title":{"rendered":"Tunisie \u2013 Elloumi\u00a0: Tout le monde veut mettre la main sur les m\u00e9dias, le gouvernement en premier"},"content":{"rendered":"<div class=\"post-cont-in left relative\">\n<p>Le pr\u00e9sident du bureau politique d\u2019Al Badil, Faouzi Elloumi a annonc\u00e9, ce dimanche sur Expresss FM, que ce qui s\u2019est pass\u00e9 avec la cha\u00eene TV Nessma ne s\u2019est jamais vu \u00e0 travers le monde.\u00a0Aucun\u00a0 gouvernement n\u2019use de la force publique pour confisquer du mat\u00e9riel de diffusion d\u2019une cha\u00eene TV.<\/p>\n<p>Il a pr\u00e9cis\u00e9 qu\u2019il n\u2019en a pas \u00e9t\u00e9 de m\u00eame la cha\u00eene Zitouna qui, contrairement \u00e0 ce qui se dit, n\u2019est pas prot\u00e9g\u00e9e par Ennahdha mais par le gouvernement qui l\u2019utilise \u00e0 ses propres desseins.<\/p>\n<div class=\"code-block code-block-1 c3\"><ins class=\"adsbygoogle c2\" data-ad-layout=\"in-article\" data-ad-format=\"fluid\" data-ad-client=\"ca-pub-2102118777505746\" data-ad-slot=\"7301775417\"\/> <\/div>\n<p>Elloumi a ajout\u00e9 qu\u2019en Tunisie, actuellement, tout le monde, le gouvernement en premier cherche \u00e0 mettre la main sur les m\u00e9dias et \u00e0 les contr\u00f4ler.<\/p>\n<div class=\"mvp-org-wrap mvp-org-logo\" itemprop=\"publisher\" itemscope=\"\" itemtype=\"https:\/\/schema.org\/Organization\"><img decoding=\"async\" src=\"https:\/\/www.tunisienumerique.com\/wp-content\/uploads\/2017\/02\/logo_tunisie_numerique.png\"\/><\/div>\n<div class=\"mvp-related-posts left relative\">\n<h4 class=\"post-header\"><span class=\"post-header\">Lire aussi<\/span><\/h4>\n<\/div>\n<\/div>\n<p>Auteur: LM<br \/>\n<a href=\"https:\/\/www.tunisienumerique.com\/tunisie-elloumi-tout-le-monde-veut-mettre-la-main-sur-les-medias-le-gouvernement-en-premier\/\">Cliquez ici pour lire l&rsquo;article depuis sa source.<\/a><\/p>\n","protected":false},"excerpt":{"rendered":"<p>Le pr\u00e9sident du bureau politique d\u2019Al Badil, Faouzi Elloumi a annonc\u00e9, ce dimanche sur Expresss FM, que ce qui s\u2019est pass\u00e9 avec la cha\u00eene TV Nessma ne s\u2019est jamais vu \u00e0 travers le monde.\u00a0Aucun\u00a0 gouvernement n\u2019use de la force publique pour confisquer du mat\u00e9riel de diffusion d\u2019une cha\u00eene TV. Il a pr\u00e9cis\u00e9 qu\u2019il n\u2019en a [&hellip;]<\/p>\n","protected":false},"author":1789,"featured_media":35301,"comment_status":"closed","ping_status":"closed","sticky":false,"template":"","format":"standard","meta":{"fifu_image_url":"","fifu_image_alt":"","footnotes":""},"categories":[73,55],"tags":[],"class_list":["post-35300","post","type-post","status-publish","format-standard","has-post-thumbnail","hentry","category-actualite","category-tunisie"],"_links":{"self":[{"href":"https:\/\/linitiative.ca\/International\/wp-json\/wp\/v2\/posts\/35300","targetHints":{"allow":["GET"]}}],"collection":[{"href":"https:\/\/linitiative.ca\/International\/wp-json\/wp\/v2\/posts"}],"about":[{"href":"https:\/\/linitiative.ca\/International\/wp-json\/wp\/v2\/types\/post"}],"author":[{"embeddable":true,"href":"https:\/\/linitiative.ca\/International\/wp-json\/wp\/v2\/users\/1789"}],"replies":[{"embeddable":true,"href":"https:\/\/linitiative.ca\/International\/wp-json\/wp\/v2\/comments?post=35300"}],"version-history":[{"count":0,"href":"https:\/\/linitiative.ca\/International\/wp-json\/wp\/v2\/posts\/35300\/revisions"}],"wp:featuredmedia":[{"embeddable":true,"href":"https:\/\/linitiative.ca\/International\/wp-json\/"}],"wp:attachment":[{"href":"https:\/\/linitiative.ca\/International\/wp-json\/wp\/v2\/media?parent=35300"}],"wp:term":[{"taxonomy":"category","embeddable":true,"href":"https:\/\/linitiative.ca\/International\/wp-json\/wp\/v2\/categories?post=35300"},{"taxonomy":"post_tag","embeddable":true,"href":"https:\/\/linitiative.ca\/International\/wp-json\/wp\/v2\/tags?post=35300"}],"curies":[{"name":"wp","href":"https:\/\/api.w.org\/{rel}","templated":true}]}}