{"id":35306,"date":"2019-05-19T10:04:40","date_gmt":"2019-05-19T14:04:40","guid":{"rendered":"https:\/\/linitiative.ca\/International\/allemagne-messoud-ozil-sattire-la-foudre-des-allemands-a-cause-de-sa-proximite-avec-le-dictateur-erdogan\/"},"modified":"2019-05-19T10:04:40","modified_gmt":"2019-05-19T14:04:40","slug":"allemagne-messoud-ozil-sattire-la-foudre-des-allemands-a-cause-de-sa-proximite-avec-le-dictateur-erdogan","status":"publish","type":"post","link":"https:\/\/linitiative.ca\/International\/allemagne-messoud-ozil-sattire-la-foudre-des-allemands-a-cause-de-sa-proximite-avec-le-dictateur-erdogan\/","title":{"rendered":"Allemagne\u00a0: Messoud Ozil s\u2019attire la foudre des allemands \u00e0 cause de sa proximit\u00e9 avec le \u00ab\u00a0dictateur\u00a0\u00bb Erdogan"},"content":{"rendered":"<div class=\"post-cont-in left relative\">\n<p>L\u2019ancien joueur international allemand, Messoud Ozil s\u2019st attir\u00e9, ce weekend, la foudre des m\u00e9dias allemands en s\u2019affichant, en compagnie de sa fianc\u00e9e \u00e0 la table de l\u2019Iftar du pr\u00e9sident turc Erdogan.<\/p>\n<p>Ils ont accus\u00e9 Ozil de trahison envers sa partie l\u2019Allemagne o\u00f9 il est n\u00e9 et a grandi, en s\u2019affichant et en exhibant on soutien au \u00ab\u00a0dictateur\u00a0\u00bb turc, Erdogan. Le joueur quant \u00e0 lui se d\u00e9fend en disant t\u00e9moigner du respect au pr\u00e9sident du pays de ses parents, ajoutant qu\u2019il sera son invit\u00e9 de marque, lors de son prochain mariage au d\u00e9but du mois de juin.<\/p>\n<div class=\"code-block code-block-1 c3\"><ins class=\"adsbygoogle c2\" data-ad-layout=\"in-article\" data-ad-format=\"fluid\" data-ad-client=\"ca-pub-2102118777505746\" data-ad-slot=\"7301775417\"\/> <\/div>\n<div class=\"mvp-org-wrap mvp-org-logo\" itemprop=\"publisher\" itemscope=\"\" itemtype=\"https:\/\/schema.org\/Organization\"><img decoding=\"async\" src=\"https:\/\/www.tunisienumerique.com\/wp-content\/uploads\/2017\/02\/logo_tunisie_numerique.png\"\/><\/div>\n<div class=\"mvp-related-posts left relative\">\n<h4 class=\"post-header\"><span class=\"post-header\">Lire aussi<\/span><\/h4>\n<\/div>\n<\/div>\n<p>Auteur: LM<br \/>\n<a href=\"https:\/\/www.tunisienumerique.com\/allemagne-messoud-ozil-sattire-la-foudre-des-allemands-a-cause-de-sa-proximite-avec-le-dictateur-erdogan\/\">Cliquez ici pour lire l&rsquo;article depuis sa source.<\/a><\/p>\n","protected":false},"excerpt":{"rendered":"<p>L\u2019ancien joueur international allemand, Messoud Ozil s\u2019st attir\u00e9, ce weekend, la foudre des m\u00e9dias allemands en s\u2019affichant, en compagnie de sa fianc\u00e9e \u00e0 la table de l\u2019Iftar du pr\u00e9sident turc Erdogan. Ils ont accus\u00e9 Ozil de trahison envers sa partie l\u2019Allemagne o\u00f9 il est n\u00e9 et a grandi, en s\u2019affichant et en exhibant on soutien [&hellip;]<\/p>\n","protected":false},"author":1789,"featured_media":35307,"comment_status":"closed","ping_status":"closed","sticky":false,"template":"","format":"standard","meta":{"fifu_image_url":"","fifu_image_alt":"","footnotes":""},"categories":[73,55],"tags":[],"class_list":["post-35306","post","type-post","status-publish","format-standard","has-post-thumbnail","hentry","category-actualite","category-tunisie"],"_links":{"self":[{"href":"https:\/\/linitiative.ca\/International\/wp-json\/wp\/v2\/posts\/35306","targetHints":{"allow":["GET"]}}],"collection":[{"href":"https:\/\/linitiative.ca\/International\/wp-json\/wp\/v2\/posts"}],"about":[{"href":"https:\/\/linitiative.ca\/International\/wp-json\/wp\/v2\/types\/post"}],"author":[{"embeddable":true,"href":"https:\/\/linitiative.ca\/International\/wp-json\/wp\/v2\/users\/1789"}],"replies":[{"embeddable":true,"href":"https:\/\/linitiative.ca\/International\/wp-json\/wp\/v2\/comments?post=35306"}],"version-history":[{"count":0,"href":"https:\/\/linitiative.ca\/International\/wp-json\/wp\/v2\/posts\/35306\/revisions"}],"wp:featuredmedia":[{"embeddable":true,"href":"https:\/\/linitiative.ca\/International\/wp-json\/"}],"wp:attachment":[{"href":"https:\/\/linitiative.ca\/International\/wp-json\/wp\/v2\/media?parent=35306"}],"wp:term":[{"taxonomy":"category","embeddable":true,"href":"https:\/\/linitiative.ca\/International\/wp-json\/wp\/v2\/categories?post=35306"},{"taxonomy":"post_tag","embeddable":true,"href":"https:\/\/linitiative.ca\/International\/wp-json\/wp\/v2\/tags?post=35306"}],"curies":[{"name":"wp","href":"https:\/\/api.w.org\/{rel}","templated":true}]}}