{"id":35317,"date":"2019-05-19T15:18:02","date_gmt":"2019-05-19T19:18:02","guid":{"rendered":"https:\/\/linitiative.ca\/International\/presidentielle-en-mauritanie-15-million-delecteurs-inscrits-ceni\/"},"modified":"2019-05-19T15:18:02","modified_gmt":"2019-05-19T19:18:02","slug":"presidentielle-en-mauritanie-15-million-delecteurs-inscrits-ceni","status":"publish","type":"post","link":"https:\/\/linitiative.ca\/International\/presidentielle-en-mauritanie-15-million-delecteurs-inscrits-ceni\/","title":{"rendered":"Pr\u00e9sidentielle en Mauritanie : 1,5 million d\u2019\u00e9lecteurs inscrits (Ceni)"},"content":{"rendered":"<div readability=\"32\">\n<p>Publi\u00e9 le 19.05.2019 \u00e0 20h18 par APA News<\/p>\n<\/div>\n<div readability=\"51\">\n<p>La Commission \u00e9lectorale nationale ind\u00e9pendante de Mauritanie (CENI) a annonc\u00e9, dimanche \u00e0 Nouakchott, que le nombre d\u2019\u00e9lecteurs appel\u00e9s \u00e0 participer \u00e0 la pr\u00e9sidentielle pr\u00e9vue en juin 2019 est estim\u00e9 \u00e0 1.544.132 votants.La CENI a annonc\u00e9 ce chiffre dans un communiqu\u00e9 quelques jours apr\u00e8s la fin d\u2019un recensement administratif \u00e0 vocation \u00e9lectorale compl\u00e9mentaire qu\u2019elle avait organis\u00e9.<\/p>\n<p>Au terme de ce recensement qui a eu lieu du 24 avril dernier au 14 mai courant, 329.560 \u00e9lecteurs se sont inscrits, soit pour la premi\u00e8re fois soit pour modifier leur lieu de vote.<\/p>\n<p>Six candidats participent \u00e0 la pr\u00e9sidentielle qui sera observ\u00e9e par des observateurs \u00e9trangers dont l\u2019Union europ\u00e9enne.<\/p>\n<p>L\u2019actuel pr\u00e9sident de la R\u00e9publique, Mohamed Ould Abdel Aziz, ne brigue de mandat car emp\u00each\u00e9 par la Constitution mais soutient ouvertement la candidature de l\u2019ex ministre de la D\u00e9fense Mohamed Ould Ghazouani.<\/p>\n<\/div>\n<p>Auteur: APA News<br \/>\n<a href=\"https:\/\/www.journalducameroun.com\/fr\/presidentielle-en-mauritanie-15-million-delecteurs-inscrits-ceni\/\">Cliquez ici pour lire l&rsquo;article depuis sa source.<\/a><\/p>\n","protected":false},"excerpt":{"rendered":"<p>Publi\u00e9 le 19.05.2019 \u00e0 20h18 par APA News La Commission \u00e9lectorale nationale ind\u00e9pendante de Mauritanie (CENI) a annonc\u00e9, dimanche \u00e0 Nouakchott, que le nombre d\u2019\u00e9lecteurs appel\u00e9s \u00e0 participer \u00e0 la pr\u00e9sidentielle pr\u00e9vue en juin 2019 est estim\u00e9 \u00e0 1.544.132 votants.La CENI a annonc\u00e9 ce chiffre dans un communiqu\u00e9 quelques jours apr\u00e8s la fin d\u2019un recensement [&hellip;]<\/p>\n","protected":false},"author":1965,"featured_media":0,"comment_status":"closed","ping_status":"closed","sticky":false,"template":"","format":"standard","meta":{"fifu_image_url":"","fifu_image_alt":"","footnotes":""},"categories":[73,82],"tags":[],"class_list":["post-35317","post","type-post","status-publish","format-standard","hentry","category-actualite","category-cameroun"],"_links":{"self":[{"href":"https:\/\/linitiative.ca\/International\/wp-json\/wp\/v2\/posts\/35317","targetHints":{"allow":["GET"]}}],"collection":[{"href":"https:\/\/linitiative.ca\/International\/wp-json\/wp\/v2\/posts"}],"about":[{"href":"https:\/\/linitiative.ca\/International\/wp-json\/wp\/v2\/types\/post"}],"author":[{"embeddable":true,"href":"https:\/\/linitiative.ca\/International\/wp-json\/wp\/v2\/users\/1965"}],"replies":[{"embeddable":true,"href":"https:\/\/linitiative.ca\/International\/wp-json\/wp\/v2\/comments?post=35317"}],"version-history":[{"count":0,"href":"https:\/\/linitiative.ca\/International\/wp-json\/wp\/v2\/posts\/35317\/revisions"}],"wp:attachment":[{"href":"https:\/\/linitiative.ca\/International\/wp-json\/wp\/v2\/media?parent=35317"}],"wp:term":[{"taxonomy":"category","embeddable":true,"href":"https:\/\/linitiative.ca\/International\/wp-json\/wp\/v2\/categories?post=35317"},{"taxonomy":"post_tag","embeddable":true,"href":"https:\/\/linitiative.ca\/International\/wp-json\/wp\/v2\/tags?post=35317"}],"curies":[{"name":"wp","href":"https:\/\/api.w.org\/{rel}","templated":true}]}}