{"id":35318,"date":"2019-05-19T15:18:07","date_gmt":"2019-05-19T19:18:07","guid":{"rendered":"https:\/\/linitiative.ca\/International\/mali-un-casque-bleu-tue-et-quatre-blesses-lors-dune-attaque\/"},"modified":"2019-05-19T15:18:07","modified_gmt":"2019-05-19T19:18:07","slug":"mali-un-casque-bleu-tue-et-quatre-blesses-lors-dune-attaque","status":"publish","type":"post","link":"https:\/\/linitiative.ca\/International\/mali-un-casque-bleu-tue-et-quatre-blesses-lors-dune-attaque\/","title":{"rendered":"Mali : Un casque bleu tu\u00e9 et quatre bless\u00e9s lors d\u2019une attaque"},"content":{"rendered":"<div readability=\"32\">\n<p>Publi\u00e9 le 19.05.2019 \u00e0 20h18 par APA News<\/p>\n<\/div>\n<div readability=\"42\">\n<p>Dans un communiqu\u00e9 diffus\u00e9 ce dimanche, le secr\u00e9taire g\u00e9n\u00e9ral de l\u2019Onu Antonio Guterres a condamn\u00e9 les attaques \u00ab\u00a0perp\u00e9tr\u00e9es aujourd\u2019hui contre la Mission int\u00e9gr\u00e9e des Nations Unies pour la stabilisation pour le Mali (MINUSMA) \u00e0 Tombouctou et \u00e0 Tessalit.\u00a0\u00bbLa premi\u00e8re attaque a eu lieu \u00e0 Tombouctou dans le Nord. \u00ab\u00a0Un casque bleu nig\u00e9rian y a trouv\u00e9 la mort, un autre bless\u00e9,\u00a0\u00bb \u00a0indiqu\u00e9 le communiqu\u00e9 de la MINUSMA.<\/p>\n<p>La deuxi\u00e8me attaque a eu lieu \u00e0 Tessalit au Nord dans la r\u00e9gion de Kidal. \u00ab\u00a0Trois casques bleus tchadiens\u00a0ont \u00e9t\u00e9 bless\u00e9s lorsque leur v\u00e9hicule blind\u00e9 a heurt\u00e9 un engin explosif improvis\u00e9.\u00a0\u00bb<\/p>\n<\/div>\n<p>Auteur: APA News<br \/>\n<a href=\"https:\/\/www.journalducameroun.com\/fr\/mali-un-casque-bleu-tue-et-quatre-blesses-lors-dune-attaque\/\">Cliquez ici pour lire l&rsquo;article depuis sa source.<\/a><\/p>\n","protected":false},"excerpt":{"rendered":"<p>Publi\u00e9 le 19.05.2019 \u00e0 20h18 par APA News Dans un communiqu\u00e9 diffus\u00e9 ce dimanche, le secr\u00e9taire g\u00e9n\u00e9ral de l\u2019Onu Antonio Guterres a condamn\u00e9 les attaques \u00ab\u00a0perp\u00e9tr\u00e9es aujourd\u2019hui contre la Mission int\u00e9gr\u00e9e des Nations Unies pour la stabilisation pour le Mali (MINUSMA) \u00e0 Tombouctou et \u00e0 Tessalit.\u00a0\u00bbLa premi\u00e8re attaque a eu lieu \u00e0 Tombouctou dans le [&hellip;]<\/p>\n","protected":false},"author":1965,"featured_media":0,"comment_status":"closed","ping_status":"closed","sticky":false,"template":"","format":"standard","meta":{"fifu_image_url":"","fifu_image_alt":"","footnotes":""},"categories":[73,82],"tags":[],"class_list":["post-35318","post","type-post","status-publish","format-standard","hentry","category-actualite","category-cameroun"],"_links":{"self":[{"href":"https:\/\/linitiative.ca\/International\/wp-json\/wp\/v2\/posts\/35318","targetHints":{"allow":["GET"]}}],"collection":[{"href":"https:\/\/linitiative.ca\/International\/wp-json\/wp\/v2\/posts"}],"about":[{"href":"https:\/\/linitiative.ca\/International\/wp-json\/wp\/v2\/types\/post"}],"author":[{"embeddable":true,"href":"https:\/\/linitiative.ca\/International\/wp-json\/wp\/v2\/users\/1965"}],"replies":[{"embeddable":true,"href":"https:\/\/linitiative.ca\/International\/wp-json\/wp\/v2\/comments?post=35318"}],"version-history":[{"count":0,"href":"https:\/\/linitiative.ca\/International\/wp-json\/wp\/v2\/posts\/35318\/revisions"}],"wp:attachment":[{"href":"https:\/\/linitiative.ca\/International\/wp-json\/wp\/v2\/media?parent=35318"}],"wp:term":[{"taxonomy":"category","embeddable":true,"href":"https:\/\/linitiative.ca\/International\/wp-json\/wp\/v2\/categories?post=35318"},{"taxonomy":"post_tag","embeddable":true,"href":"https:\/\/linitiative.ca\/International\/wp-json\/wp\/v2\/tags?post=35318"}],"curies":[{"name":"wp","href":"https:\/\/api.w.org\/{rel}","templated":true}]}}