{"id":35319,"date":"2019-05-19T15:18:08","date_gmt":"2019-05-19T19:18:08","guid":{"rendered":"https:\/\/linitiative.ca\/International\/siandou-fofana-se-recueille-sur-la-tombe-du-grand-pere-de-kwame-nkrumah-inhume-a-grand-bereby\/"},"modified":"2019-05-19T15:18:08","modified_gmt":"2019-05-19T19:18:08","slug":"siandou-fofana-se-recueille-sur-la-tombe-du-grand-pere-de-kwame-nkrumah-inhume-a-grand-bereby","status":"publish","type":"post","link":"https:\/\/linitiative.ca\/International\/siandou-fofana-se-recueille-sur-la-tombe-du-grand-pere-de-kwame-nkrumah-inhume-a-grand-bereby\/","title":{"rendered":"Siandou Fofana se recueille sur la tombe du grand-p\u00e8re de Kwame Nkrumah inhum\u00e9 \u00e0 Grand-Bereby"},"content":{"rendered":"<div readability=\"32\">\n<p>Publi\u00e9 le 19.05.2019 \u00e0 20h18 par APA News<\/p>\n<\/div>\n<div readability=\"109\">\n<p>Le ministre ivoirien du Tourisme et des loisirs Siandou Fofana, s\u2019est recueilli samedi sur la tombe du grand-p\u00e8re de Kwame Nkrumah, ancien pr\u00e9sident ghan\u00e9en, inhum\u00e9 en bordure de mer \u00e0 Grand-Bereby, ville baln\u00e9aire dans le Sud-ouest ivoirien.Sur cette tombe, est grav\u00e9 Yeba Cro, le nom du grand-p\u00e8re de Kwame Nkrumah, d\u00e9c\u00e9d\u00e9 le 18 septembre 1893, puis inhum\u00e9 sur une plage du village Rock, qu\u2019il a fond\u00e9 avant de s\u2019enfuir vers le Ghana \u00e0 la suite des travaux forc\u00e9s, rapporte Denis Bla, l\u2019un des responsables du village. \u00a0<\/p>\n<p>\u00a0Selon M. Denis Bla, un doyen du village de Rock, le grand-p\u00e8re de Kwame Nkrumah, s\u2019est install\u00e9 sur cet espace apr\u00e8s avoir tu\u00e9 des panth\u00e8res, pr\u00e9sentes dans la localit\u00e9. Mais suite \u00e0 l\u2019arriv\u00e9e des colons anglais, il a migr\u00e9 vers le Ghana o\u00f9 est n\u00e9 l\u2019ancien pr\u00e9sident ghan\u00e9en. \u00a0<\/p>\n<p>Aupr\u00e8s de ce s\u00e9pulcre, dira-t-il, se trouvent celles de ses cousins et l\u2019un de ses fils enterr\u00e9 100 ans apr\u00e8s sa mort. Sur un mur \u00e9lev\u00e9 sur la tombe, il est \u00e9crit : \u00ab \u00a0Erected by his loving son Moses Bonifacio, Rock town, Bereby \u00bb qui signifie \u00e9rig\u00e9 par son fils bien-aim\u00e9, \u00a0Moses Bonifacio, dans la cit\u00e9 de Rock, \u00e0 Bereby.<\/p>\n<p>\u00ab Merci de veiller sur \u00e7a, c\u2019est quelque chose d\u2019important qui peut aider au d\u00e9veloppement de votre village, et nous-m\u00eames acteurs publics, charg\u00e9s de promouvoir le tourisme, on va s\u2019appuyer sur \u00e7a (pour faire conna\u00eetre vos) plages \u00bb, a affirm\u00e9 M. Siandou Fofana.\u00a0<\/p>\n<p>\u00a0Interrog\u00e9, un natif du village, a confi\u00e9 que \u00ab des Ghan\u00e9ens viennent ici pour voir cette tombe \u00bb, cependant certains \u00ab ne croyaient pas \u00e0 cela \u00bb, avant de r\u00e9v\u00e9ler que des parents de Nkrumah sont actuellement pr\u00e9sents dans le village de Rock et issus de la famille \u00ab Yr\u00e8hou\u00e9 \u00bb.\u00a0<\/p>\n<p>Cette c\u00f4te maritime du sud-ouest ivoirien, bord\u00e9e par l\u2019Oc\u00e9an Atlantique, a \u00e9t\u00e9 d\u00e9couverte par les Anglais avant qu\u2019elle ne soit sous l\u2019emprise des colons Fran\u00e7ais qui ont fait de la C\u00f4te d\u2019Ivoire leur colonie en 1893, ann\u00e9e de d\u00e9c\u00e8s du grand-p\u00e8re de Kwam\u00e9 Nkrumah (1909-1972).\u00a0<\/p>\n<p>Le peuple vivant sur ce littoral est appel\u00e9 \u00ab Kroumen (des gens op\u00e9rant sur les bateaux) \u00bb. L\u2019Etat ivoirien, \u00e0 en croire le ministre du Tourisme et des loisirs, envisage de faire de cette s\u00e9pulture un espace bien conserv\u00e9 afin que les siens ou les touristes s\u2019impr\u00e8gnent de cette histoire. \u00a0 \u00a0 \u00a0\u00a0<\/p>\n<p>Kwame Nkrumah, n\u00e9 le 21 septembre 1909 \u00e0 Nkroful (Ghana) et d\u00e9c\u00e9d\u00e9 le 27 avril 1972 \u00e0 Bucarest, en Roumanie. Homme politique panafricaniste, il dirigea le Ghana comme Premier ministre de 1957 \u00e0 1960, puis en qualit\u00e9 de pr\u00e9sident de la R\u00e9publique de 1960 \u00e0 1966.\u00a0<\/p>\n<\/div>\n<p>Auteur: APA News<br \/>\n<a href=\"https:\/\/www.journalducameroun.com\/fr\/siandou-fofana-se-recueille-sur-la-tombe-du-grand-pere-de-kwame-nkrumah-inhume-a-grand-bereby\/\">Cliquez ici pour lire l&rsquo;article depuis sa source.<\/a><\/p>\n","protected":false},"excerpt":{"rendered":"<p>Publi\u00e9 le 19.05.2019 \u00e0 20h18 par APA News Le ministre ivoirien du Tourisme et des loisirs Siandou Fofana, s\u2019est recueilli samedi sur la tombe du grand-p\u00e8re de Kwame Nkrumah, ancien pr\u00e9sident ghan\u00e9en, inhum\u00e9 en bordure de mer \u00e0 Grand-Bereby, ville baln\u00e9aire dans le Sud-ouest ivoirien.Sur cette tombe, est grav\u00e9 Yeba Cro, le nom du grand-p\u00e8re [&hellip;]<\/p>\n","protected":false},"author":1965,"featured_media":0,"comment_status":"closed","ping_status":"closed","sticky":false,"template":"","format":"standard","meta":{"fifu_image_url":"","fifu_image_alt":"","footnotes":""},"categories":[73,82],"tags":[],"class_list":["post-35319","post","type-post","status-publish","format-standard","hentry","category-actualite","category-cameroun"],"_links":{"self":[{"href":"https:\/\/linitiative.ca\/International\/wp-json\/wp\/v2\/posts\/35319","targetHints":{"allow":["GET"]}}],"collection":[{"href":"https:\/\/linitiative.ca\/International\/wp-json\/wp\/v2\/posts"}],"about":[{"href":"https:\/\/linitiative.ca\/International\/wp-json\/wp\/v2\/types\/post"}],"author":[{"embeddable":true,"href":"https:\/\/linitiative.ca\/International\/wp-json\/wp\/v2\/users\/1965"}],"replies":[{"embeddable":true,"href":"https:\/\/linitiative.ca\/International\/wp-json\/wp\/v2\/comments?post=35319"}],"version-history":[{"count":0,"href":"https:\/\/linitiative.ca\/International\/wp-json\/wp\/v2\/posts\/35319\/revisions"}],"wp:attachment":[{"href":"https:\/\/linitiative.ca\/International\/wp-json\/wp\/v2\/media?parent=35319"}],"wp:term":[{"taxonomy":"category","embeddable":true,"href":"https:\/\/linitiative.ca\/International\/wp-json\/wp\/v2\/categories?post=35319"},{"taxonomy":"post_tag","embeddable":true,"href":"https:\/\/linitiative.ca\/International\/wp-json\/wp\/v2\/tags?post=35319"}],"curies":[{"name":"wp","href":"https:\/\/api.w.org\/{rel}","templated":true}]}}