{"id":35320,"date":"2019-05-19T16:18:05","date_gmt":"2019-05-19T20:18:05","guid":{"rendered":"https:\/\/linitiative.ca\/International\/football-fc-san-pedro-bat-lafad-1-0-et-remporte-la-56e-coupe-nationale-de-cote-divoire\/"},"modified":"2019-05-19T16:18:05","modified_gmt":"2019-05-19T20:18:05","slug":"football-fc-san-pedro-bat-lafad-1-0-et-remporte-la-56e-coupe-nationale-de-cote-divoire","status":"publish","type":"post","link":"https:\/\/linitiative.ca\/International\/football-fc-san-pedro-bat-lafad-1-0-et-remporte-la-56e-coupe-nationale-de-cote-divoire\/","title":{"rendered":"Football: FC San-Pedro bat l\u2019Afad (1-0) et remporte la 56\u00e8  Coupe nationale de C\u00f4te d\u2019Ivoire"},"content":{"rendered":"<div readability=\"32\">\n<p>Publi\u00e9 le 19.05.2019 \u00e0 21h18 par APA News<\/p>\n<\/div>\n<div readability=\"58\">\n<p>Le FC de San-P\u00e9dro a remport\u00e9 la 56\u00e8 \u00e9dition de la Coupe nationale de C\u00f4te d\u2019Ivoire apr\u00e8s sa victoire, dimanche au stade Robert Champroux, face \u00e0 l\u2019Afad sur le score d\u2019un but \u00e0 z\u00e9ro.L\u2019unique but de la rencontre dirig\u00e9e par un trio arbitral burkinab\u00e9 a \u00e9t\u00e9 l\u2019\u0153uvre de Constant Wanyou qui, profitant d\u2019un mauvais d\u00e9gagement de la d\u00e9fense, a tromp\u00e9, dans un cafouillage, N\u2019drin Ulrich Edan, le gardien de l\u2019Afad pour l\u2019ouverture de la marque (1-0; 46\u00e8).<\/p>\n<p>Les portuaires ont pr\u00e9serv\u00e9 le score jusqu\u2019au coup de sifflet final de l\u2019arbitre Di\u00e9ro Hamidou, malgr\u00e9 les tentatives des Acad\u00e9miciens qui ont g\u00e2ch\u00e9 leurs rares actions de but par pr\u00e9cipitation et maladresse de Gnadou Joseph Gu\u00e9d\u00e9 (72\u00e8) et Leib\u00e9 Junior Avo (81\u00e8).<\/p>\n<p>FC San-Pedro s\u2019offre ainsi sa premi\u00e8re coupe nationale de l\u2019histoire et succ\u00e8de \u00e0 l\u2019Asec Mimosas au palmar\u00e8s du troph\u00e9e.<\/p>\n<p>Au terme de cette finale qui met fin \u00e0 la saison sportive de l\u2019\u00e9lite, les repr\u00e9sentants ivoiriens en comp\u00e9titions africaines sont pour la Ligue des champions, la Soa et FC San-Pedro quand l\u2019Asec Mimosas (3\u00e8) et l\u2019Afad, finaliste malheureux d\u00e9fendront les couleurs ivoiriennes en coupe de la Conf\u00e9d\u00e9ration africaine de football (CAF).<\/p>\n<\/div>\n<p>Auteur: APA News<br \/>\n<a href=\"https:\/\/www.journalducameroun.com\/fr\/football-fc-san-pedro-bat-lafad-1-0-et-remporte-la-56e-coupe-nationale-de-cote-divoire\/\">Cliquez ici pour lire l&rsquo;article depuis sa source.<\/a><\/p>\n","protected":false},"excerpt":{"rendered":"<p>Publi\u00e9 le 19.05.2019 \u00e0 21h18 par APA News Le FC de San-P\u00e9dro a remport\u00e9 la 56\u00e8 \u00e9dition de la Coupe nationale de C\u00f4te d\u2019Ivoire apr\u00e8s sa victoire, dimanche au stade Robert Champroux, face \u00e0 l\u2019Afad sur le score d\u2019un but \u00e0 z\u00e9ro.L\u2019unique but de la rencontre dirig\u00e9e par un trio arbitral burkinab\u00e9 a \u00e9t\u00e9 l\u2019\u0153uvre [&hellip;]<\/p>\n","protected":false},"author":1965,"featured_media":0,"comment_status":"closed","ping_status":"closed","sticky":false,"template":"","format":"standard","meta":{"fifu_image_url":"","fifu_image_alt":"","footnotes":""},"categories":[73,82],"tags":[],"class_list":["post-35320","post","type-post","status-publish","format-standard","hentry","category-actualite","category-cameroun"],"_links":{"self":[{"href":"https:\/\/linitiative.ca\/International\/wp-json\/wp\/v2\/posts\/35320","targetHints":{"allow":["GET"]}}],"collection":[{"href":"https:\/\/linitiative.ca\/International\/wp-json\/wp\/v2\/posts"}],"about":[{"href":"https:\/\/linitiative.ca\/International\/wp-json\/wp\/v2\/types\/post"}],"author":[{"embeddable":true,"href":"https:\/\/linitiative.ca\/International\/wp-json\/wp\/v2\/users\/1965"}],"replies":[{"embeddable":true,"href":"https:\/\/linitiative.ca\/International\/wp-json\/wp\/v2\/comments?post=35320"}],"version-history":[{"count":0,"href":"https:\/\/linitiative.ca\/International\/wp-json\/wp\/v2\/posts\/35320\/revisions"}],"wp:attachment":[{"href":"https:\/\/linitiative.ca\/International\/wp-json\/wp\/v2\/media?parent=35320"}],"wp:term":[{"taxonomy":"category","embeddable":true,"href":"https:\/\/linitiative.ca\/International\/wp-json\/wp\/v2\/categories?post=35320"},{"taxonomy":"post_tag","embeddable":true,"href":"https:\/\/linitiative.ca\/International\/wp-json\/wp\/v2\/tags?post=35320"}],"curies":[{"name":"wp","href":"https:\/\/api.w.org\/{rel}","templated":true}]}}