{"id":35321,"date":"2019-05-19T16:50:02","date_gmt":"2019-05-19T20:50:02","guid":{"rendered":"https:\/\/linitiative.ca\/International\/tir-de-roquette-sur-la-zone-verte-a-bagdad-siege-de-lambassade-americaine\/"},"modified":"2019-05-19T16:50:02","modified_gmt":"2019-05-19T20:50:02","slug":"tir-de-roquette-sur-la-zone-verte-a-bagdad-siege-de-lambassade-americaine","status":"publish","type":"post","link":"https:\/\/linitiative.ca\/International\/tir-de-roquette-sur-la-zone-verte-a-bagdad-siege-de-lambassade-americaine\/","title":{"rendered":"Tir de roquette sur la Zone verte \u00e0 Bagdad, si\u00e8ge de l\u2019ambassade am\u00e9ricaine"},"content":{"rendered":"<div readability=\"32\">\n<p>Publi\u00e9 le 19.05.2019 \u00e0 21h50 par AFP<\/p>\n<\/div>\n<div readability=\"115\">\n<p>Une roquette a \u00e9t\u00e9 tir\u00e9e dimanche sur la Zone verte de Bagdad, un secteur ultras\u00e9curis\u00e9 o\u00f9 si\u00e8ge l\u2019ambassade des Etats-Unis, quelques jours apr\u00e8s le rappel par l\u2019administration am\u00e9ricaine de ses diplomates non essentiels en Irak.<\/p>\n<p>Selon un communiqu\u00e9 des forces de s\u00e9curit\u00e9 irakiennes, la roquette de type Katioucha est tomb\u00e9e sans faire de victimes dans le centre de la Zone verte, o\u00f9 sont \u00e9galement bas\u00e9s notamment le gouvernement et le Parlement irakiens ainsi que l\u2019ambassade de Grande-Bretagne.<\/p>\n<p>Les m\u00eames sources n\u2019ont pas pr\u00e9cis\u00e9 quelle \u00e9tait l\u2019\u00e9ventuelle cible vis\u00e9e dans cette zone.<\/p>\n<p>Selon une source polici\u00e8re, le projectile a \u00e9t\u00e9 tir\u00e9 d\u2019une \u00ab\u00a0zone abandonn\u00e9e\u00a0\u00bb dans le sud de Bagdad.<\/p>\n<p>Situ\u00e9e sur un p\u00e9rim\u00e8tre de 10 km carr\u00e9s au bord du Tigre, dans le centre de la capitale irakienne, la Zone Verte est un \u00eelot bunk\u00e9ris\u00e9 cr\u00e9\u00e9 apr\u00e8s l\u2019invasion de l\u2019Irak en 2003 par l\u2019arm\u00e9e am\u00e9ricaine qui avait renvers\u00e9 le r\u00e9gime de Saddam Hussein.<\/p>\n<p>Elle est entour\u00e9e de murs de b\u00e9ton surmont\u00e9s de barbel\u00e9s. L\u2019une de ses art\u00e8res a \u00e9t\u00e9 rouverte fin 2018 et les automobilistes peuvent l\u2019emprunter de la fin de l\u2019apr\u00e8s-midi jusqu\u2019au lever du jour, lorsque les institutions officielles et les chancelleries occidentales sont ferm\u00e9es.<\/p>\n<p>L\u2019Irak, d\u00e9vast\u00e9 par des ann\u00e9es de violences et de conflits dont l\u2019un l\u2019opposant au groupe jihadiste Etat islamique (EI), continue d\u2019\u00eatre en proie \u00e0 l\u2019ins\u00e9curit\u00e9 avec des attentats meurtriers, m\u00eame s\u2019ils sont devenus moins fr\u00e9quents.<\/p>\n<p>Le dernier en date a fait huit morts le 9 mai \u00e0 Bagdad mais n\u2019a pas \u00e9t\u00e9 revendiqu\u00e9. L\u2019Irak a proclam\u00e9 fin 2017 la victoire sur l\u2019EI qui avait occup\u00e9 pendant plus de trois ans de vastes pans du territoire. Chass\u00e9s des centres urbains, des combattants de l\u2019EI ont fui dans le d\u00e9sert irakien.<\/p>\n<p>Le tir de roquette survient en outre au moment o\u00f9 les tensions montent entre l\u2019Iran, pays voisin de l\u2019Irak, et les Etats-Unis qui ont renforc\u00e9 les sanctions contre T\u00e9h\u00e9ran ainsi que leur pr\u00e9sence militaire dans la r\u00e9gion.<\/p>\n<p>Ces tensions sont li\u00e9es au retrait am\u00e9ricain il y a un an de l\u2019accord international visant \u00e0 limiter le programme nucl\u00e9aire iranien en \u00e9change d\u2019une lev\u00e9e des sanctions. Les Etats-Unis ont du coup r\u00e9tabli leurs sanctions, plombant l\u2019\u00e9conomie iranienne.<\/p>\n<p>L\u2019Irak, pays majoritairement chiite \u00e0 la fois proche des Etats-Unis et du voisin iranien, est aujourd\u2019hui dans une position d\u00e9licate, Washington faisant pression pour qu\u2019il limite ses liens avec T\u00e9h\u00e9ran.<\/p>\n<p>Jugeant que des groupes arm\u00e9s irakiens favorables \u00e0 l\u2019Iran constituaient une menace \u00ab\u00a0imminente\u00a0\u00bb contre leur personnel, les Etats-Unis ont rappel\u00e9 le 15 mai leurs diplomates non essentiels de leur ambassade \u00e0 Bagdad et du consulat d\u2019Erbil (nord).<\/p>\n<p>Le 5 mai, l\u2019administration de Donald Trump a annonc\u00e9 le d\u00e9ploiement dans le Golfe du porte-avions Abraham Lincoln ainsi que de bombardiers B-52, invoquant \u00e9galement une \u00ab\u00a0menace\u00a0\u00bb de l\u2019Iran.<\/p>\n<p>Dimanche, le gouvernement irakien a critiqu\u00e9 une \u00e9vacuation \u00ab\u00a0temporaire\u00a0\u00bb du personnel de la compagnie am\u00e9ricaine ExxonMobil op\u00e9rant sur le site p\u00e9trolier de West Qorna, dans le sud du pays. Selon lui, ce \u00ab\u00a0retrait\u00a0\u00bb est justifi\u00e9 par des \u00ab\u00a0raisons politiques li\u00e9es probablement aux tensions dans la r\u00e9gion\u00a0\u00bb.<\/p>\n<p>\u00ab\u00a0Nous avons pour principe de ne pas donner de d\u00e9tails li\u00e9s aux personnels dans nos installations\u00a0\u00bb, a indiqu\u00e9 une porte-parole d\u2019ExxonMobil, interrog\u00e9e par l\u2019AFP aux Etats-Unis.<\/p>\n<\/div>\n<p>Auteur: AFP<br \/>\n<a href=\"https:\/\/www.journalducameroun.com\/fr\/tir-de-roquette-sur-la-zone-verte-a-bagdad-siege-de-lambassade-americaine\/\">Cliquez ici pour lire l&rsquo;article depuis sa source.<\/a><\/p>\n","protected":false},"excerpt":{"rendered":"<p>Publi\u00e9 le 19.05.2019 \u00e0 21h50 par AFP Une roquette a \u00e9t\u00e9 tir\u00e9e dimanche sur la Zone verte de Bagdad, un secteur ultras\u00e9curis\u00e9 o\u00f9 si\u00e8ge l\u2019ambassade des Etats-Unis, quelques jours apr\u00e8s le rappel par l\u2019administration am\u00e9ricaine de ses diplomates non essentiels en Irak. Selon un communiqu\u00e9 des forces de s\u00e9curit\u00e9 irakiennes, la roquette de type Katioucha [&hellip;]<\/p>\n","protected":false},"author":1965,"featured_media":0,"comment_status":"closed","ping_status":"closed","sticky":false,"template":"","format":"standard","meta":{"fifu_image_url":"","fifu_image_alt":"","footnotes":""},"categories":[73,82],"tags":[],"class_list":["post-35321","post","type-post","status-publish","format-standard","hentry","category-actualite","category-cameroun"],"_links":{"self":[{"href":"https:\/\/linitiative.ca\/International\/wp-json\/wp\/v2\/posts\/35321","targetHints":{"allow":["GET"]}}],"collection":[{"href":"https:\/\/linitiative.ca\/International\/wp-json\/wp\/v2\/posts"}],"about":[{"href":"https:\/\/linitiative.ca\/International\/wp-json\/wp\/v2\/types\/post"}],"author":[{"embeddable":true,"href":"https:\/\/linitiative.ca\/International\/wp-json\/wp\/v2\/users\/1965"}],"replies":[{"embeddable":true,"href":"https:\/\/linitiative.ca\/International\/wp-json\/wp\/v2\/comments?post=35321"}],"version-history":[{"count":0,"href":"https:\/\/linitiative.ca\/International\/wp-json\/wp\/v2\/posts\/35321\/revisions"}],"wp:attachment":[{"href":"https:\/\/linitiative.ca\/International\/wp-json\/wp\/v2\/media?parent=35321"}],"wp:term":[{"taxonomy":"category","embeddable":true,"href":"https:\/\/linitiative.ca\/International\/wp-json\/wp\/v2\/categories?post=35321"},{"taxonomy":"post_tag","embeddable":true,"href":"https:\/\/linitiative.ca\/International\/wp-json\/wp\/v2\/tags?post=35321"}],"curies":[{"name":"wp","href":"https:\/\/api.w.org\/{rel}","templated":true}]}}