{"id":35322,"date":"2019-05-19T16:50:04","date_gmt":"2019-05-19T20:50:04","guid":{"rendered":"https:\/\/linitiative.ca\/International\/soudan-reprise-du-dialogue-sur-la-composition-de-linstance-de-transition\/"},"modified":"2019-05-19T16:50:04","modified_gmt":"2019-05-19T20:50:04","slug":"soudan-reprise-du-dialogue-sur-la-composition-de-linstance-de-transition","status":"publish","type":"post","link":"https:\/\/linitiative.ca\/International\/soudan-reprise-du-dialogue-sur-la-composition-de-linstance-de-transition\/","title":{"rendered":"Soudan: reprise du dialogue sur la composition de l\u2019instance de transition"},"content":{"rendered":"<div readability=\"32\">\n<p>Publi\u00e9 le 19.05.2019 \u00e0 21h50 par AFP<\/p>\n<\/div>\n<div readability=\"134\">\n<p>Les militaires et les chefs de la contestation au Soudan ont repris dimanche le dialogue sur la composition d\u2019un futur Conseil souverain de transition, apr\u00e8s une mise en garde des islamistes sur la n\u00e9cessit\u00e9 de garder la loi islamique comme source de la l\u00e9gislation.<\/p>\n<p>Les leaders de la contestation veulent \u00e0 tout prix qu\u2019un civil dirige cette future institution cl\u00e9, apr\u00e8s un appel pressant de la communaut\u00e9 internationale \u00e0 ce que les n\u00e9gociations d\u00e9bouchent sur une transition \u00ab\u00a0vraiment dirig\u00e9e par les civils\u00a0\u00bb.<\/p>\n<p>\u00ab\u00a0La nouvelle session de n\u00e9gociations entre le Conseil militaire de transition et l\u2019Alliance pour la libert\u00e9 et le changement (ALC), ont commenc\u00e9\u00a0\u00bb en soir\u00e9e, a indiqu\u00e9 le Conseil militaire dans un communiqu\u00e9.<\/p>\n<p>Fer de lance de la contestation, l\u2019ALC avait plus t\u00f4t indiqu\u00e9 que les n\u00e9gociations se focaliseraient sur la r\u00e9partition, entre arm\u00e9e et contestation, des si\u00e8ges du Conseil souverain ainsi que sur son futur chef.<\/p>\n<p>Les n\u00e9gociations avaient \u00e9t\u00e9 suspendues mercredi par le Conseil militaire dirig\u00e9 par le g\u00e9n\u00e9ral Abdel Fattah al-Burhane, qui a pris le pouvoir apr\u00e8s la destitution et l\u2019arrestation le 11 avril du pr\u00e9sident Omar el-B\u00e9chir. Les militaires r\u00e9clamaient la lev\u00e9e des barricades install\u00e9es par des manifestants \u00e0 Khartoum.<\/p>\n<p>Depuis le 6 avril, des milliers de Soudanais campent devant le QG de l\u2019arm\u00e9e dans la capitale soudanaise pour demander le transfert du pouvoir \u00e0 une administration civile. Vendredi, des manifestants ont d\u00e9mantel\u00e9 plusieurs de ces barricades.<\/p>\n<p>\u2013 Accords et d\u00e9saccords \u2013<\/p>\n<p>Les n\u00e9gociations entre g\u00e9n\u00e9raux et chefs de la contestation butent depuis une semaine sur la composition du futur Conseil souverain.<\/p>\n<p>Les g\u00e9n\u00e9raux insistent pour y obtenir une majorit\u00e9 de si\u00e8ges tandis que les leaders de la contestation veulent limiter la pr\u00e9sence des militaires et placer un des leurs \u00e0 sa t\u00eate.<\/p>\n<p>Militaires et protestataires s\u2019\u00e9taient entendus sur plusieurs points avant la suspension des n\u00e9gociations: la dur\u00e9e de la p\u00e9riode de transition -trois ans- et la cr\u00e9ation d\u2019un Parlement compos\u00e9 de 300 personnes, dont les deux tiers seraient issus de l\u2019ALC.<\/p>\n<p>Les progr\u00e8s dans les discussions ont toutefois \u00e9t\u00e9 pr\u00e9c\u00e9d\u00e9s par une premi\u00e8re pouss\u00e9e de violence au cours de laquelle six personnes -cinq manifestants et un militaire- ont \u00e9t\u00e9 tu\u00e9es lundi dernier.<\/p>\n<p>\u2013 La charia \u2013<\/p>\n<p>Avant la reprise des n\u00e9gociations et pour la premi\u00e8re fois depuis la destitution de M. B\u00e9chir, des centaines d\u2019islamistes ont manifest\u00e9 samedi devant le palais pr\u00e9sidentiel.<\/p>\n<p>Ils ont rejet\u00e9 toute future administration civile qui n\u2019utiliserait pas la charia comme source de la l\u00e9gislation.<\/p>\n<p>La loi islamique est appliqu\u00e9e au Soudan depuis le coup d\u2019Etat de M. B\u00e9chir, soutenu par les islamistes, en 1989, ce qui a entra\u00een\u00e9, selon les d\u00e9fenseurs des droits humains, des abus comme la flagellation de femmes pour \u00ab\u00a0comportement ind\u00e9cent\u00a0\u00bb.<\/p>\n<p>Selon Al-Tayeb Moustafa, \u00e0 la t\u00eate d\u2019une coalition de vingt mouvements islamistes, \u00ab\u00a0la principale raison de cette mobilisation r\u00e9side dans le fait que l\u2019ALC ignore l\u2019application de la charia dans le cadre de l\u2019accord\u00a0\u00bb n\u00e9goci\u00e9 avec les militaires.<\/p>\n<p>L\u2019ALC n\u2019a pour le moment pas exprim\u00e9 sa position sur la charia, affirmant que la priorit\u00e9 \u00e9tait d\u2019instaurer une administration civile.<\/p>\n<p>Au cours du rassemblement de samedi, l\u2019islamiste radical Mohamed al-Jazuli a averti l\u2019arm\u00e9e: \u00ab\u00a0si vous envisagez de transf\u00e9rer le pouvoir \u00e0 une certaine faction (civile), alors nous consid\u00e9rerons cela comme un coup d\u2019Etat\u00a0\u00bb.<\/p>\n<p>Sur la question de la place de la religion dans les nouvelles institutions, un des principaux leaders de l\u2019opposition, Sadek al-Mahdi, avait \u00e9galement fait entendre sa voix.<\/p>\n<p>\u00ab\u00a0L\u2019islam fait partie de l\u2019identit\u00e9 de la majorit\u00e9 des Soudanais. Ca a \u00e9t\u00e9 une grande erreur, au sein des forces d\u2019opposition, de parler de la\u00efcit\u00e9\u00a0\u00bb, avait d\u00e9clar\u00e9 \u00e0 l\u2019AFP cet ex-Premier ministre, chass\u00e9 du pouvoir en 1989 et dont le parti Oumma fait partie de l\u2019ALC.<\/p>\n<p>A la t\u00eate du Soudan pendant pr\u00e8s de 30 ans, M. B\u00e9chir a \u00e9t\u00e9 destitu\u00e9 par l\u2019arm\u00e9e \u00e0 l\u2019issue d\u2019un mouvement de contestation in\u00e9dit d\u00e9clench\u00e9 le 19 d\u00e9cembre par la d\u00e9cision du gouvernement de tripler le prix du pain dans un pays min\u00e9 par une grave crise \u00e9conomique. Les manifestations se sont vite transform\u00e9es en contestation du pouvoir.<\/p>\n<\/div>\n<p>Auteur: AFP<br \/>\n<a href=\"https:\/\/www.journalducameroun.com\/fr\/soudan-reprise-du-dialogue-sur-la-composition-de-linstance-de-transition\/\">Cliquez ici pour lire l&rsquo;article depuis sa source.<\/a><\/p>\n","protected":false},"excerpt":{"rendered":"<p>Publi\u00e9 le 19.05.2019 \u00e0 21h50 par AFP Les militaires et les chefs de la contestation au Soudan ont repris dimanche le dialogue sur la composition d\u2019un futur Conseil souverain de transition, apr\u00e8s une mise en garde des islamistes sur la n\u00e9cessit\u00e9 de garder la loi islamique comme source de la l\u00e9gislation. Les leaders de la [&hellip;]<\/p>\n","protected":false},"author":1965,"featured_media":0,"comment_status":"closed","ping_status":"closed","sticky":false,"template":"","format":"standard","meta":{"fifu_image_url":"","fifu_image_alt":"","footnotes":""},"categories":[73,82],"tags":[],"class_list":["post-35322","post","type-post","status-publish","format-standard","hentry","category-actualite","category-cameroun"],"_links":{"self":[{"href":"https:\/\/linitiative.ca\/International\/wp-json\/wp\/v2\/posts\/35322","targetHints":{"allow":["GET"]}}],"collection":[{"href":"https:\/\/linitiative.ca\/International\/wp-json\/wp\/v2\/posts"}],"about":[{"href":"https:\/\/linitiative.ca\/International\/wp-json\/wp\/v2\/types\/post"}],"author":[{"embeddable":true,"href":"https:\/\/linitiative.ca\/International\/wp-json\/wp\/v2\/users\/1965"}],"replies":[{"embeddable":true,"href":"https:\/\/linitiative.ca\/International\/wp-json\/wp\/v2\/comments?post=35322"}],"version-history":[{"count":0,"href":"https:\/\/linitiative.ca\/International\/wp-json\/wp\/v2\/posts\/35322\/revisions"}],"wp:attachment":[{"href":"https:\/\/linitiative.ca\/International\/wp-json\/wp\/v2\/media?parent=35322"}],"wp:term":[{"taxonomy":"category","embeddable":true,"href":"https:\/\/linitiative.ca\/International\/wp-json\/wp\/v2\/categories?post=35322"},{"taxonomy":"post_tag","embeddable":true,"href":"https:\/\/linitiative.ca\/International\/wp-json\/wp\/v2\/tags?post=35322"}],"curies":[{"name":"wp","href":"https:\/\/api.w.org\/{rel}","templated":true}]}}