{"id":35339,"date":"2019-05-20T09:00:23","date_gmt":"2019-05-20T13:00:23","guid":{"rendered":"https:\/\/linitiative.ca\/International\/election-de-lamith-le-binome-boubouh-skali-devoile-son-programme\/"},"modified":"2019-05-20T09:00:23","modified_gmt":"2019-05-20T13:00:23","slug":"election-de-lamith-le-binome-boubouh-skali-devoile-son-programme","status":"publish","type":"post","link":"https:\/\/linitiative.ca\/International\/election-de-lamith-le-binome-boubouh-skali-devoile-son-programme\/","title":{"rendered":"Election de l\u2019AMITH : Le bin\u00f4me Boubouh-Skali d\u00e9voile son programme"},"content":{"rendered":"<header>\n<\/header>\n<div class=\"entry-content clearfix\" readability=\"60\"><img decoding=\"async\" class=\"post_layout_5_img\" src=\"http:\/\/aujourdhui.ma\/wp-content\/uploads\/2019\/05\/AMITH.jpg?x29840\" alt=\"Election de l\u2019AMITH : Le bin\u00f4me Boubouh-Skali d\u00e9voile son programme\"\/><\/p>\n<p class=\"p1\"><span class=\"s1\"><span class=\"c4\"><strong>R\u00e9impulser une nouvelle dynamique vertueuse par l\u2019unit\u00e9, la continuit\u00e9 et la bonne gouvernance. Telle est le principal engagement formul\u00e9 par le duo Boubouh-Skali candidats \u00e0 la pr\u00e9sidence et la vice-pr\u00e9sidence g\u00e9n\u00e9rale de l\u2019Association marocaine du textile et habillement.<\/strong><\/span><\/span> <span id=\"more-311493\"\/><\/p>\n<p class=\"p1\"><span class=\"s1\">Le duo a pr\u00e9sent\u00e9 r\u00e9cemment son programme \u00e9lectoral devant une large audience de grands patrons, de leaders d\u2019importantes associations professionnelles et de pr\u00e9sidents de r\u00e9gions. Le programme con\u00e7u selon les candidats dans une d\u00e9marche de concertation devrait r\u00e9pondre aux exigences des clients du secteur dans un contexte marqu\u00e9 par un manque de visibilit\u00e9. \u00ab<em>Dans cette incertitude, le secteur textile-habillement doit se prendre en charge et construire l\u2019avenir main dans la main avec l\u2019administration\u00bb<\/em>, explique Mohamed Boubouh, candidat \u00e0 la pr\u00e9sidence de l\u2019AMITH.<\/span><\/p>\n<p class=\"p1\"><span class=\"s1\">Le bin\u00f4me a structur\u00e9 son programme autour de cinq axes. Citons dans ce sens la consolidation du partenariat public-priv\u00e9 et de la dynamique d\u2019investissement ainsi que le renforcement de la comp\u00e9titivit\u00e9 \u00e0 l\u2019export et sur le march\u00e9 local sans oublier l\u2019appui aux comp\u00e9tences par la formation et l\u2019expertise technique. La rencontre \u00e9l\u00e9ctorale du bin\u00f4me Boubouh-Skali \u00e9tait une occasion pour passer en revue les principales mesures \u00e0 engager.<\/span><\/p>\n<p class=\"p1\"><span class=\"s1\">La premi\u00e8re \u00e0 \u00eatre cit\u00e9e est l\u2019\u00e9laboration d\u2019un dispositif incitatif pour encourager les investissements dans l\u2019amont et renforcer l\u2019int\u00e9gration verticale de la fili\u00e8re. La deuxi\u00e8me mesure porte sur l\u2019am\u00e9lioration de l\u2019acc\u00e8s aux march\u00e9s en s\u2019appuyant sur les r\u00e8gles d\u2019origine europ\u00e9enne et am\u00e9ricaine. L\u2019accompagnement du passage de la sous-traitance \u00e0 la cotraitance et au produit fini figure \u00e9galement parmi les mesures d\u00e9taill\u00e9es.<\/span><\/p>\n<p class=\"p1\"><span class=\"s1\">Les candidats \u00e0 la pr\u00e9sidence de l\u2019AMITH appellent \u00e9galement \u00e0 militer pour une fiscalit\u00e9 r\u00e9duite en ligne avec le principe de la neutralit\u00e9. L\u2019heure \u00e9tant \u00e9galement d\u2019intensifier les actions de lutte contre la contrebande ainsi que de renforcer les efforts pour la mise en place des mesures de d\u00e9fense commerciale aussi bien en termes de barri\u00e8res tarifaires (prix de r\u00e9f\u00e9rence, droits de douane) ou non tarifaires (contr\u00f4le aux fronti\u00e8res). Le bin\u00f4me \u0153uvrera \u00e9galement \u00e0 mettre en \u0153uvre une strat\u00e9gie de communication pour promouvoir le \u00abMade in Morocco\u00bb. La rencontre des candidats au nouveau mandat de l\u2019AMITH a permis de lever l\u2019ambigu\u00eft\u00e9 sur des questions relatives \u00e0 la capacit\u00e9 du nouveau bin\u00f4me \u00e0 conduire ce cap et \u00e9galement au transfert du si\u00e8ge de l\u2019association \u00e0 Tanger.<\/span><\/p>\n<\/div>\n<p>Auteur: Kawtar Tali<br \/>\n<a href=\"http:\/\/aujourdhui.ma\/economie\/election-de-lamith-le-binome-boubouh-skali-devoile-son-programme\">Cliquez ici pour lire l&rsquo;article depuis sa source.<\/a><\/p>\n","protected":false},"excerpt":{"rendered":"<p>R\u00e9impulser une nouvelle dynamique vertueuse par l\u2019unit\u00e9, la continuit\u00e9 et la bonne gouvernance. Telle est le principal engagement formul\u00e9 par le duo Boubouh-Skali candidats \u00e0 la pr\u00e9sidence et la vice-pr\u00e9sidence g\u00e9n\u00e9rale de l\u2019Association marocaine du textile et habillement. Le duo a pr\u00e9sent\u00e9 r\u00e9cemment son programme \u00e9lectoral devant une large audience de grands patrons, de leaders [&hellip;]<\/p>\n","protected":false},"author":1759,"featured_media":0,"comment_status":"closed","ping_status":"closed","sticky":false,"template":"","format":"standard","meta":{"fifu_image_url":"","fifu_image_alt":"","footnotes":""},"categories":[73,54],"tags":[],"class_list":["post-35339","post","type-post","status-publish","format-standard","hentry","category-actualite","category-maroc"],"_links":{"self":[{"href":"https:\/\/linitiative.ca\/International\/wp-json\/wp\/v2\/posts\/35339","targetHints":{"allow":["GET"]}}],"collection":[{"href":"https:\/\/linitiative.ca\/International\/wp-json\/wp\/v2\/posts"}],"about":[{"href":"https:\/\/linitiative.ca\/International\/wp-json\/wp\/v2\/types\/post"}],"author":[{"embeddable":true,"href":"https:\/\/linitiative.ca\/International\/wp-json\/wp\/v2\/users\/1759"}],"replies":[{"embeddable":true,"href":"https:\/\/linitiative.ca\/International\/wp-json\/wp\/v2\/comments?post=35339"}],"version-history":[{"count":0,"href":"https:\/\/linitiative.ca\/International\/wp-json\/wp\/v2\/posts\/35339\/revisions"}],"wp:attachment":[{"href":"https:\/\/linitiative.ca\/International\/wp-json\/wp\/v2\/media?parent=35339"}],"wp:term":[{"taxonomy":"category","embeddable":true,"href":"https:\/\/linitiative.ca\/International\/wp-json\/wp\/v2\/categories?post=35339"},{"taxonomy":"post_tag","embeddable":true,"href":"https:\/\/linitiative.ca\/International\/wp-json\/wp\/v2\/tags?post=35339"}],"curies":[{"name":"wp","href":"https:\/\/api.w.org\/{rel}","templated":true}]}}