{"id":35341,"date":"2019-05-20T09:43:22","date_gmt":"2019-05-20T13:43:22","guid":{"rendered":"https:\/\/linitiative.ca\/International\/le-festival-international-de-musique-andalouse-a-casablanca\/"},"modified":"2019-05-20T09:43:22","modified_gmt":"2019-05-20T13:43:22","slug":"le-festival-international-de-musique-andalouse-a-casablanca","status":"publish","type":"post","link":"https:\/\/linitiative.ca\/International\/le-festival-international-de-musique-andalouse-a-casablanca\/","title":{"rendered":"Le Festival international de musique andalouse \u00e0 Casablanca"},"content":{"rendered":"<header>\n<div class=\"entry-post-meta\">\n<div class=\"author-link\">Publi\u00e9 par <a itemprop=\"author\" itemscope=\"\" itemtype=\"https:\/\/schema.org\/Person\" href=\"http:\/\/aujourdhui.ma\/profile\/kaid\" rel=\"author\"><span itemprop=\"name\">ALM<\/span><\/a><\/div>\n<p>Date\u00a0:<time content=\"2019-05-20T13:43:22+00:00\" class=\"entry-date updated\" datetime=\"2019-05-20T13:43:22+00:00\">mai 20, 2019<\/time><\/p>\n<div class=\"entry-cat\">dans:<a href=\"http:\/\/aujourdhui.ma\/category\/culture\/musique\" rel=\"category tag\">Musique<\/a><\/div>\n<p>0 Vues<\/p>\n<\/div>\n<\/header>\n<div class=\"entry-content clearfix\" readability=\"44\"><img decoding=\"async\" class=\"post_layout_5_img\" src=\"http:\/\/aujourdhui.ma\/wp-content\/uploads\/2019\/05\/Le-Festival-international-de-musique-andalouse-a%CC%80-Casablanca-.jpg?x29840\" alt=\"Le Festival international de musique andalouse \u00e0 Casablanca\"\/><\/p>\n<p class=\"p1\"><span class=\"s1 c5\"><span class=\"c4\"><strong>Dans le cadre de la mise en \u0153uvre du programme de d\u00e9veloppement de la pr\u00e9fecture de Casablanca, pour la p\u00e9riode 2016-2021, le conseil pr\u00e9fectoral de la ville organise la premi\u00e8re \u00e9dition du Festival international de musique andalouse sous le th\u00e8me \u00abLa musique langage du savoir\u00bb en coop\u00e9ration avec l\u2019Association Nouba Al Andaloussia.<\/strong><\/span><\/span><span id=\"more-311512\"\/><\/p>\n<p class=\"p1\"><span class=\"s1\">Le festival sera organis\u00e9 les 23, 24 et 25 mai \u00e0 la place Mohammed V \u00e0 partir de 22 heures. Selon les organisateurs, la programmation de cette premi\u00e8re \u00e9dition sera riche et vari\u00e9e et conna\u00eetra la participation de plus de 150 artistes des plus talentueux sur la sc\u00e8ne nationale et internationale.<\/span><\/p>\n<\/div>\n<p>Auteur: ALM<br \/>\n<a href=\"http:\/\/aujourdhui.ma\/culture\/musique\/le-festival-international-de-musique-andalouse-a-casablanca\">Cliquez ici pour lire l&rsquo;article depuis sa source.<\/a><\/p>\n","protected":false},"excerpt":{"rendered":"<p>Publi\u00e9 par ALM Date\u00a0:mai 20, 2019 dans:Musique 0 Vues Dans le cadre de la mise en \u0153uvre du programme de d\u00e9veloppement de la pr\u00e9fecture de Casablanca, pour la p\u00e9riode 2016-2021, le conseil pr\u00e9fectoral de la ville organise la premi\u00e8re \u00e9dition du Festival international de musique andalouse sous le th\u00e8me \u00abLa musique langage du savoir\u00bb en [&hellip;]<\/p>\n","protected":false},"author":1759,"featured_media":0,"comment_status":"closed","ping_status":"closed","sticky":false,"template":"","format":"standard","meta":{"fifu_image_url":"","fifu_image_alt":"","footnotes":""},"categories":[73,54],"tags":[],"class_list":["post-35341","post","type-post","status-publish","format-standard","hentry","category-actualite","category-maroc"],"_links":{"self":[{"href":"https:\/\/linitiative.ca\/International\/wp-json\/wp\/v2\/posts\/35341","targetHints":{"allow":["GET"]}}],"collection":[{"href":"https:\/\/linitiative.ca\/International\/wp-json\/wp\/v2\/posts"}],"about":[{"href":"https:\/\/linitiative.ca\/International\/wp-json\/wp\/v2\/types\/post"}],"author":[{"embeddable":true,"href":"https:\/\/linitiative.ca\/International\/wp-json\/wp\/v2\/users\/1759"}],"replies":[{"embeddable":true,"href":"https:\/\/linitiative.ca\/International\/wp-json\/wp\/v2\/comments?post=35341"}],"version-history":[{"count":0,"href":"https:\/\/linitiative.ca\/International\/wp-json\/wp\/v2\/posts\/35341\/revisions"}],"wp:attachment":[{"href":"https:\/\/linitiative.ca\/International\/wp-json\/wp\/v2\/media?parent=35341"}],"wp:term":[{"taxonomy":"category","embeddable":true,"href":"https:\/\/linitiative.ca\/International\/wp-json\/wp\/v2\/categories?post=35341"},{"taxonomy":"post_tag","embeddable":true,"href":"https:\/\/linitiative.ca\/International\/wp-json\/wp\/v2\/tags?post=35341"}],"curies":[{"name":"wp","href":"https:\/\/api.w.org\/{rel}","templated":true}]}}