{"id":35342,"date":"2019-05-20T09:43:36","date_gmt":"2019-05-20T13:43:36","guid":{"rendered":"https:\/\/linitiative.ca\/International\/49eme-edition-du-cycle-de-conferences-de-la-fondation-attijariwafa-bank-valeurs-ethiques-et-vivre-ensemble-au-centre-des-echanges\/"},"modified":"2019-05-20T09:43:36","modified_gmt":"2019-05-20T13:43:36","slug":"49eme-edition-du-cycle-de-conferences-de-la-fondation-attijariwafa-bank-valeurs-ethiques-et-vivre-ensemble-au-centre-des-echanges","status":"publish","type":"post","link":"https:\/\/linitiative.ca\/International\/49eme-edition-du-cycle-de-conferences-de-la-fondation-attijariwafa-bank-valeurs-ethiques-et-vivre-ensemble-au-centre-des-echanges\/","title":{"rendered":"49\u00e8me \u00e9dition du cycle de conf\u00e9rences de la Fondation Attijariwafa bank  : Valeurs \u00e9thiques et vivre-ensemble au centre des \u00e9changes"},"content":{"rendered":"<p><img decoding=\"async\" class=\"post_layout_5_img\" src=\"http:\/\/aujourdhui.ma\/wp-content\/uploads\/2019\/05\/Confe%CC%81rences-de-la-Fondation-Attijariwafa-bank.jpg?x29840\" alt=\"49\u00e8me \u00e9dition du cycle de conf\u00e9rences de la Fondation Attijariwafa bank : Valeurs \u00e9thiques et vivre-ensemble au centre des \u00e9changes\"\/><\/p>\n<p class=\"p1\"><span class=\"c4\"><strong><span class=\"s1\"><em>Mohammed Chouika a mis en avant la n\u00e9cessit\u00e9, pour les soci\u00e9t\u00e9s arabes, de repenser leurs valeurs face aux mutations li\u00e9es \u00e0 la mondialisation et \u00e0 la technologie.<\/em><\/span><\/strong><\/span><span id=\"more-311504\"\/><\/p>\n<p class=\"p1\"><span class=\"s1\">A l\u2019\u00e8re d\u2019une soci\u00e9t\u00e9 de plus en plus individualis\u00e9e, les valeurs \u00e9thiques et morales se dissipent. D\u2019o\u00f9 la question l\u00e9gitime de savoir \u00abQuelles valeurs \u00e9thiques et morales pour un Maroc en mutation?\u00bb. Telle a \u00e9t\u00e9 donc la principale th\u00e9matique discut\u00e9e lors de la 49\u00e8me \u00e9dition du cycle de conf\u00e9rences \u00abEchanger pour mieux comprendre\u00bb organis\u00e9e par la Fondation Attijariwafa bank le 16 mai 2019 \u00e0 Casablanca. \u00c0 l\u2019occasion du mois sacr\u00e9, cette 49\u00e8me \u00e9dition a notamment \u00e9voqu\u00e9 la probl\u00e9matique du vivre-ensemble et des valeurs essentielles qui r\u00e9gissent notre soci\u00e9t\u00e9.<\/span><\/p>\n<p class=\"p1\"><span class=\"s1\"><em>\u00abL\u2019un des d\u00e9fis majeurs qui se posera \u00e0 nous lors des prochaines ann\u00e9es est de concilier les exigences de la modernit\u00e9 et le respect de nos valeurs morales et \u00e9thiques. Pour pr\u00e9server cette harmonie, deux questions essentielles s\u2019imposent \u00e0 nous : Quels sont les fondements du vivre-ensemble dans notre soci\u00e9t\u00e9 ? Sur quelles valeurs morales et \u00e9thiques voulons-nous b\u00e2tir le Maroc de demain et cimenter notre tissu social ?\u00bb,<\/em> souligne Mouna Kably, responsable du P\u00f4le \u00c9dition &#038; D\u00e9bats de la Fondation Attijariwafa bank pronon\u00e7ant le mot de bienvenue de Mohamed El Kettani, pr\u00e9sident-directeur g\u00e9n\u00e9ral du Groupe Attijariwafa bank. Pour d\u00e9battre de ce sujet, la Fondation a fait appel \u00e0 Faouzi Skali, anthropologue et \u00e9crivain, Mamoun Lahbabi, \u00e9crivain, et Mohamed Chouika, professeur de philosophie et \u00e9crivain. Dans ce sens, Faouzi Skali a mis l\u2019accent sur l\u2019impact des mutations technologiques sur notre soci\u00e9t\u00e9 qui incitent \u00e0 repenser notre \u00e9thique.<\/span><\/p>\n<p class=\"p1\"><span class=\"s1\">Pour ce qui est des valeurs qui contribueraient \u00e0 am\u00e9liorer le vivre-ensemble, il a relev\u00e9 l\u2019importance de la connaissance de soi, la qu\u00eate de la sagesse et de la spiritualit\u00e9 pour contrer cette nouvelle forme d\u2019esclavagisme qui \u00e9merge des soci\u00e9t\u00e9s modernes et freiner l\u2019exacerbation de l\u2019\u00e9go et du mat\u00e9rialisme. Pour sa part Mamoun Lahbabi s\u2019est arr\u00eat\u00e9 sur la vanit\u00e9 qui bouscule les r\u00e8gles du vivre-ensemble, et sur l\u2019urgence de nous accepter les uns les autres pour construire les liens au-del\u00e0 de nos diff\u00e9rences. <em>\u00abVivre ensemble est une chance. Vivons-nous pour condamner l\u2019autre ? \u00c0 chaque jour suffit sa peine, faut-il y ajouter la haine ? Le genre humain est une chorale o\u00f9 chacun chante ses propres notes. Nous sommes n\u00e9s pour vivre ensemble. Vous et moi sommes la condition l\u2019un de l\u2019autre, nous existons dans la r\u00e9ciprocit\u00e9\u00bb,<\/em> explique-t-il. De son c\u00f4t\u00e9, Mohammed Chouika a mis en avant la n\u00e9cessit\u00e9, pour les soci\u00e9t\u00e9s arabes, de repenser leurs valeurs face aux mutations li\u00e9es \u00e0 la mondialisation et \u00e0 la technologie. Pour lui, <em>\u00abl\u2019\u00e9cole est en \u00e9chec parce que la famille est en crise. Il nous faut donc donner naissance \u00e0 une soci\u00e9t\u00e9 bas\u00e9e sur de nouvelles valeurs et capable de s\u2019adapter aux mutations mondiales. Pour cela, nous devons comprendre ces jeunes qui s\u2019inspirent de leurs pairs partout dans le monde, et sont en rupture avec les modes de vie traditionnels impos\u00e9s par les familles nucl\u00e9aires\u00bb.<\/em><\/span><\/p>\n<p>Auteur: ALM<br \/>\n<a href=\"http:\/\/aujourdhui.ma\/culture\/49eme-edition-du-cycle-de-conferences-de-la-fondation-attijariwafa-bank-valeurs-ethiques-et-vivre-ensemble-au-centre-des-echanges\">Cliquez ici pour lire l&rsquo;article depuis sa source.<\/a><\/p>\n","protected":false},"excerpt":{"rendered":"<p>Mohammed Chouika a mis en avant la n\u00e9cessit\u00e9, pour les soci\u00e9t\u00e9s arabes, de repenser leurs valeurs face aux mutations li\u00e9es \u00e0 la mondialisation et \u00e0 la technologie. A l\u2019\u00e8re d\u2019une soci\u00e9t\u00e9 de plus en plus individualis\u00e9e, les valeurs \u00e9thiques et morales se dissipent. D\u2019o\u00f9 la question l\u00e9gitime de savoir \u00abQuelles valeurs \u00e9thiques et morales pour [&hellip;]<\/p>\n","protected":false},"author":1759,"featured_media":0,"comment_status":"closed","ping_status":"closed","sticky":false,"template":"","format":"standard","meta":{"fifu_image_url":"","fifu_image_alt":"","footnotes":""},"categories":[73,54],"tags":[],"class_list":["post-35342","post","type-post","status-publish","format-standard","hentry","category-actualite","category-maroc"],"_links":{"self":[{"href":"https:\/\/linitiative.ca\/International\/wp-json\/wp\/v2\/posts\/35342","targetHints":{"allow":["GET"]}}],"collection":[{"href":"https:\/\/linitiative.ca\/International\/wp-json\/wp\/v2\/posts"}],"about":[{"href":"https:\/\/linitiative.ca\/International\/wp-json\/wp\/v2\/types\/post"}],"author":[{"embeddable":true,"href":"https:\/\/linitiative.ca\/International\/wp-json\/wp\/v2\/users\/1759"}],"replies":[{"embeddable":true,"href":"https:\/\/linitiative.ca\/International\/wp-json\/wp\/v2\/comments?post=35342"}],"version-history":[{"count":0,"href":"https:\/\/linitiative.ca\/International\/wp-json\/wp\/v2\/posts\/35342\/revisions"}],"wp:attachment":[{"href":"https:\/\/linitiative.ca\/International\/wp-json\/wp\/v2\/media?parent=35342"}],"wp:term":[{"taxonomy":"category","embeddable":true,"href":"https:\/\/linitiative.ca\/International\/wp-json\/wp\/v2\/categories?post=35342"},{"taxonomy":"post_tag","embeddable":true,"href":"https:\/\/linitiative.ca\/International\/wp-json\/wp\/v2\/tags?post=35342"}],"curies":[{"name":"wp","href":"https:\/\/api.w.org\/{rel}","templated":true}]}}