{"id":35343,"date":"2019-05-20T09:45:02","date_gmt":"2019-05-20T13:45:02","guid":{"rendered":"https:\/\/linitiative.ca\/International\/1er-numero-du-bulletin-du-patrimoine-de-marrakech-et-de-sa-region\/"},"modified":"2019-05-20T09:45:02","modified_gmt":"2019-05-20T13:45:02","slug":"1er-numero-du-bulletin-du-patrimoine-de-marrakech-et-de-sa-region","status":"publish","type":"post","link":"https:\/\/linitiative.ca\/International\/1er-numero-du-bulletin-du-patrimoine-de-marrakech-et-de-sa-region\/","title":{"rendered":"1er num\u00e9ro du \u00abBulletin du patrimoine de Marrakech et de sa r\u00e9gion\u00bb"},"content":{"rendered":"<header>\n<div class=\"entry-post-meta\">\n<div class=\"author-link\">Publi\u00e9 par <a itemprop=\"author\" itemscope=\"\" itemtype=\"https:\/\/schema.org\/Person\" href=\"http:\/\/aujourdhui.ma\/profile\/kaid\" rel=\"author\"><span itemprop=\"name\">ALM<\/span><\/a><\/div>\n<p>Date\u00a0:<time content=\"2019-05-20T13:45:02+00:00\" class=\"entry-date updated\" datetime=\"2019-05-20T13:45:02+00:00\">mai 20, 2019<\/time><\/p>\n<div class=\"entry-cat\">dans:<a href=\"http:\/\/aujourdhui.ma\/category\/culture\" rel=\"category tag\">Culture<\/a><\/div>\n<p>2Vues<\/p>\n<\/div>\n<\/header>\n<div class=\"entry-content clearfix\" readability=\"45\"><img decoding=\"async\" class=\"post_layout_5_img\" src=\"http:\/\/aujourdhui.ma\/wp-content\/uploads\/2019\/05\/Bulletin-du-patrimoine-de-Marrakech-et-de-sa-re%CC%81gion.jpg?x29840\" alt=\"1er num\u00e9ro du \u00abBulletin du patrimoine de Marrakech et de sa r\u00e9gion\u00bb\"\/><\/p>\n<p class=\"p1\"><span class=\"s1\"><span class=\"c4\"><strong>Une nouvelle revue sp\u00e9cialis\u00e9e dans le patrimoine de la r\u00e9gion de Marrakech-Safi, baptis\u00e9e \u00abBulletin du patrimoine de Marrakech et de sa r\u00e9gion\u00bb, vient de para\u00eetre, avec pour mission de jeter la lumi\u00e8re sur les diff\u00e9rents aspects du patrimoine de la r\u00e9gion et de mettre en avant sa valeur historique.<\/strong><\/span><\/span><span id=\"more-311513\"\/><\/p>\n<p class=\"p1\"><span class=\"s1\">Le premier num\u00e9ro de ce Bulletin, fond\u00e9 par les auteurs Jaafar Kansoussi et Patrick Manac\u2019h, comprend une multitude de documents et de manuscrits \u00e0 grande valeur historique, publi\u00e9s pour la premi\u00e8re fois sous leur forme originale.<\/span><\/p>\n<\/div>\n<p>Auteur: ALM<br \/>\n<a href=\"http:\/\/aujourdhui.ma\/culture\/1er-numero-du-bulletin-du-patrimoine-de-marrakech-et-de-sa-region\">Cliquez ici pour lire l&rsquo;article depuis sa source.<\/a><\/p>\n","protected":false},"excerpt":{"rendered":"<p>Publi\u00e9 par ALM Date\u00a0:mai 20, 2019 dans:Culture 2Vues Une nouvelle revue sp\u00e9cialis\u00e9e dans le patrimoine de la r\u00e9gion de Marrakech-Safi, baptis\u00e9e \u00abBulletin du patrimoine de Marrakech et de sa r\u00e9gion\u00bb, vient de para\u00eetre, avec pour mission de jeter la lumi\u00e8re sur les diff\u00e9rents aspects du patrimoine de la r\u00e9gion et de mettre en avant sa [&hellip;]<\/p>\n","protected":false},"author":1759,"featured_media":0,"comment_status":"closed","ping_status":"closed","sticky":false,"template":"","format":"standard","meta":{"fifu_image_url":"","fifu_image_alt":"","footnotes":""},"categories":[73,54],"tags":[],"class_list":["post-35343","post","type-post","status-publish","format-standard","hentry","category-actualite","category-maroc"],"_links":{"self":[{"href":"https:\/\/linitiative.ca\/International\/wp-json\/wp\/v2\/posts\/35343","targetHints":{"allow":["GET"]}}],"collection":[{"href":"https:\/\/linitiative.ca\/International\/wp-json\/wp\/v2\/posts"}],"about":[{"href":"https:\/\/linitiative.ca\/International\/wp-json\/wp\/v2\/types\/post"}],"author":[{"embeddable":true,"href":"https:\/\/linitiative.ca\/International\/wp-json\/wp\/v2\/users\/1759"}],"replies":[{"embeddable":true,"href":"https:\/\/linitiative.ca\/International\/wp-json\/wp\/v2\/comments?post=35343"}],"version-history":[{"count":0,"href":"https:\/\/linitiative.ca\/International\/wp-json\/wp\/v2\/posts\/35343\/revisions"}],"wp:attachment":[{"href":"https:\/\/linitiative.ca\/International\/wp-json\/wp\/v2\/media?parent=35343"}],"wp:term":[{"taxonomy":"category","embeddable":true,"href":"https:\/\/linitiative.ca\/International\/wp-json\/wp\/v2\/categories?post=35343"},{"taxonomy":"post_tag","embeddable":true,"href":"https:\/\/linitiative.ca\/International\/wp-json\/wp\/v2\/tags?post=35343"}],"curies":[{"name":"wp","href":"https:\/\/api.w.org\/{rel}","templated":true}]}}