{"id":35345,"date":"2019-05-20T10:30:50","date_gmt":"2019-05-20T14:30:50","guid":{"rendered":"https:\/\/linitiative.ca\/International\/spectacle-du-duo-les-inqualifiables-au-festival-aji-thdem-une-improvisation-reussie-en-prelude-dun-texte-bien-enchaine\/"},"modified":"2019-05-20T10:30:50","modified_gmt":"2019-05-20T14:30:50","slug":"spectacle-du-duo-les-inqualifiables-au-festival-aji-thdem-une-improvisation-reussie-en-prelude-dun-texte-bien-enchaine","status":"publish","type":"post","link":"https:\/\/linitiative.ca\/International\/spectacle-du-duo-les-inqualifiables-au-festival-aji-thdem-une-improvisation-reussie-en-prelude-dun-texte-bien-enchaine\/","title":{"rendered":"Spectacle du duo \u00abLes Inqualifiables\u00bb au festival Aji Thdem : Une improvisation r\u00e9ussie en pr\u00e9lude  d\u2019un texte bien encha\u00een\u00e9"},"content":{"rendered":"<p><img decoding=\"async\" class=\"post_layout_5_img\" src=\"http:\/\/aujourdhui.ma\/wp-content\/uploads\/2019\/05\/Les-Inqualifiables.jpg?x29840\" alt=\"Spectacle du duo \u00abLes Inqualifiables\u00bb au festival Aji Thdem : Une improvisation r\u00e9ussie en pr\u00e9lude d\u2019un texte bien encha\u00een\u00e9\"\/><\/p>\n<p class=\"p1\"><span class=\"c4\"><strong>De la danse, du rire et de l\u2019humour. Ce sont les ingr\u00e9dients du spectacle \u00abSi\u2019A Moi Y\u2019A Toi\u00bb anim\u00e9 vendredi dernier par le duo \u00abLes Inqualifiables\u00bb au Th\u00e9\u00e2tre national Mohammed V \u00e0 Rabat dans le cadre du 5\u00e8me festival \u00abAji Thdem\u00bb organis\u00e9 tout r\u00e9cemment.<\/strong><\/span> <span id=\"more-311484\"\/><\/p>\n<p class=\"p1\">Si le duo, compos\u00e9 d\u2019Amine Belghazi et Oubeid Allah Hlal, a fait, sur les planches, une entr\u00e9e en musique orientale rythm\u00e9e par la danse, il a rapidement encha\u00een\u00e9 sur une improvisation. Celle-ci \u00e9tant inspir\u00e9e de la tourn\u00e9e en Am\u00e9rique et au Canada du do pour pr\u00e9senter ce spectacle.<\/p>\n<p class=\"p1\">Entre le froid s\u00e9vissant dans cette contr\u00e9e mondiale et un rencard, les deux artistes ont facilement et humoristiquement improvis\u00e9 un lien avant d\u2019entrer dans le vif du spectacle. L\u00e0 aussi, c\u2019\u00e9tait une improvisation en humour puisque le duo a trouv\u00e9 un rapport entre le rencard \u00e0 l\u2019\u00e9tranger et celui au Maroc avant de d\u00e9boucher sur le harc\u00e8lement sexuel au Maroc. Un fl\u00e9au que les jeunes femmes ont marqu\u00e9 par le recours aux sifflets.<\/p>\n<p class=\"p1\">Une sc\u00e8ne qui a \u00e9galement suscit\u00e9 l\u2019interaction du public lors du spectacle au cours duquel les deux personnages se sont gliss\u00e9s dans diff\u00e9rentes peaux pour s\u2019exprimer sur le harc\u00e8lement sexuel.<\/p>\n<p class=\"p1\">L\u2019un des moments qui a \u00e9galement suscit\u00e9 l\u2019interaction des spectateurs, celui o\u00f9 le duo a fait appel \u00e0 une jeune fille du public pour interpr\u00e9ter une sc\u00e8ne de galanterie. Le tout ayant \u00e9t\u00e9 marqu\u00e9 par le sens de l\u2019humour.<\/p>\n<p class=\"p1\">Parmi ces sc\u00e8nes, le duo s\u2019est exprim\u00e9 sur d\u2019autres ph\u00e9nom\u00e8nes dans la soci\u00e9t\u00e9 \u00e0 l\u2019instar du comportement de l\u2019ancienne g\u00e9n\u00e9ration \u00e0 l\u2019\u00e9gard de la nouvelle technologie. Dans ce sens, les artistes n\u2019ont pas manqu\u00e9 de rappeler, dans leur spectacle, leurs exp\u00e9riences avec leurs parents. Entre-temps, \u00abLes Inqualifiables\u00bb n\u2019a pas h\u00e9sit\u00e9 \u00e0 remonter \u00e0 sa premi\u00e8re performance qu\u2019il a donn\u00e9e \u00e0 la salle \u00abAllal El Fassi\u00bb. <em>\u00abNous avons jou\u00e9 devant 40 personnes. Aujourd\u2019hui, vous \u00eates 1.600 spectateurs. Vous \u00eates les meilleurs\u00bb<\/em>, avance l\u2019artiste avant d\u2019encha\u00eener sur les troubles de comportement humain. <em>\u00abEt si l\u2019on adoptait le comportement des animaux\u00bb<\/em>, indiquent-ils. Dans ce sens, les deux personnages interpr\u00e8tent entre autres le comportement des chats. Et c\u2019\u00e9tait \u00e0 Oubeid Allah Hlal de dire \u00e0 la fin du show : <em>\u00abJe suis siamois. Et Si\u2019A Moi Y\u2019A Toi\u00bb,<\/em> dit-il \u00e0 l\u2019adresse d\u2019Amine Belghazi. En tout, le duo a fait rire la salle tout au long d\u2019environ deux heures. Le tout dans une improvisation r\u00e9ussie en pr\u00e9lude \u00e0 un texte bien encha\u00een\u00e9.<\/p>\n<p>Auteur: Salima Guisser<br \/>\n<a href=\"http:\/\/aujourdhui.ma\/culture\/spectacle-du-duo-les-inqualifiables-au-festival-aji-thdem-une-improvisation-reussie-en-prelude-dun-texte-bien-enchaine\">Cliquez ici pour lire l&rsquo;article depuis sa source.<\/a><\/p>\n","protected":false},"excerpt":{"rendered":"<p>De la danse, du rire et de l\u2019humour. Ce sont les ingr\u00e9dients du spectacle \u00abSi\u2019A Moi Y\u2019A Toi\u00bb anim\u00e9 vendredi dernier par le duo \u00abLes Inqualifiables\u00bb au Th\u00e9\u00e2tre national Mohammed V \u00e0 Rabat dans le cadre du 5\u00e8me festival \u00abAji Thdem\u00bb organis\u00e9 tout r\u00e9cemment. Si le duo, compos\u00e9 d\u2019Amine Belghazi et Oubeid Allah Hlal, a [&hellip;]<\/p>\n","protected":false},"author":1759,"featured_media":0,"comment_status":"closed","ping_status":"closed","sticky":false,"template":"","format":"standard","meta":{"fifu_image_url":"","fifu_image_alt":"","footnotes":""},"categories":[73,54],"tags":[],"class_list":["post-35345","post","type-post","status-publish","format-standard","hentry","category-actualite","category-maroc"],"_links":{"self":[{"href":"https:\/\/linitiative.ca\/International\/wp-json\/wp\/v2\/posts\/35345","targetHints":{"allow":["GET"]}}],"collection":[{"href":"https:\/\/linitiative.ca\/International\/wp-json\/wp\/v2\/posts"}],"about":[{"href":"https:\/\/linitiative.ca\/International\/wp-json\/wp\/v2\/types\/post"}],"author":[{"embeddable":true,"href":"https:\/\/linitiative.ca\/International\/wp-json\/wp\/v2\/users\/1759"}],"replies":[{"embeddable":true,"href":"https:\/\/linitiative.ca\/International\/wp-json\/wp\/v2\/comments?post=35345"}],"version-history":[{"count":0,"href":"https:\/\/linitiative.ca\/International\/wp-json\/wp\/v2\/posts\/35345\/revisions"}],"wp:attachment":[{"href":"https:\/\/linitiative.ca\/International\/wp-json\/wp\/v2\/media?parent=35345"}],"wp:term":[{"taxonomy":"category","embeddable":true,"href":"https:\/\/linitiative.ca\/International\/wp-json\/wp\/v2\/categories?post=35345"},{"taxonomy":"post_tag","embeddable":true,"href":"https:\/\/linitiative.ca\/International\/wp-json\/wp\/v2\/tags?post=35345"}],"curies":[{"name":"wp","href":"https:\/\/api.w.org\/{rel}","templated":true}]}}