{"id":35349,"date":"2019-05-20T05:56:59","date_gmt":"2019-05-20T09:56:59","guid":{"rendered":"https:\/\/linitiative.ca\/International\/la-marina-du-bouregreg-entame-sa-vitesse-de-croisiere\/"},"modified":"2019-05-20T05:56:59","modified_gmt":"2019-05-20T09:56:59","slug":"la-marina-du-bouregreg-entame-sa-vitesse-de-croisiere","status":"publish","type":"post","link":"https:\/\/linitiative.ca\/International\/la-marina-du-bouregreg-entame-sa-vitesse-de-croisiere\/","title":{"rendered":"La marina du Bouregreg entame sa vitesse de croisi\u00e8re"},"content":{"rendered":"<p class=\"c4\"><span class=\"c3\"><strong><span class=\"c2\">L<\/span>a marina du Bouregreg serait en phase d\u2019entamer sa vitesse de croisi\u00e8re pour devenir un must pour les plaisanciers et les visiteurs. Pour preuve, le lancement de nouveaux projets annonc\u00e9s, jeudi dernier.<\/strong><\/span><\/p>\n<p class=\"c4\">Cette station baln\u00e9aire, op\u00e9rationnelle depuis mars 2008, va se doter d\u2019un nouveau port pouvant accueillir jusqu\u2019\u00e0 100 anneaux suppl\u00e9mentaires destin\u00e9s notamment aux m\u00e9ga yachts, en l\u2019occurrence les bateaux de plaisance de plus de 60 m\u00e8tres. Une zone technique verra le jour cot\u00e9 Est du bassin aux abords de la darse construite \u00e0 cet effet. Elle sera dot\u00e9e d\u2019une zone d\u2019amarrage de 2000 m\u00b2, et \u00e9quip\u00e9e en moyens modernes de levage d\u2019embarcations. Le tout sera g\u00e9r\u00e9 par un logiciel sp\u00e9cialis\u00e9 dans la gestion int\u00e9grale des ports de plaisances.<\/p>\n<p class=\"c4\">Le management annonce \u00e9galement l\u2019ouverture d\u2019une piscine contenant 3 bassins (olympique, semi olympique et pataugeoire), pour booster l\u2019o\u00adffre de Rabat-Sal\u00e9 au profit des adeptes, mais surtout un cadre agr\u00e9able d\u2019entrainements aux clubs sportifs. Selon Said Zarrou, PDG de la marina du Bouregreg, les projets pr\u00e9vus confirment la volont\u00e9 du management d\u2019impulser une nouvelle dynamique et d\u2019affirmer le positionnement de la station en tant que destination baln\u00e9aire atlantique nord de r\u00e9f\u00e9rencement \u00e0 travers de nouveaux am\u00e9nagements et \u00e9quipements.<\/p>\n<p class=\"c4\">Pour cet \u00e9t\u00e9, la marina du Bouregreg promet un nouveau programme vari\u00e9 englobant plusieurs volets d\u2019animation afin d\u2019\u00e9toffer l\u2019offre de divertissement et de loisir, promouvoir la production culturelle nationale et accompagner l\u2019essor \u00e9conomique et social r\u00e9gional.<\/p>\n<p class=\"c4\">Ce programme d\u2019activit\u00e9s se d\u00e9roula du 01 juin au 31 aout 2019, sur les deux rives du fleuve Bouregreg, et ouvrira aux publics des exhibitions nautiques grandioses, des tournois et comp\u00e9titions sportives de haut niveau, des spectacles culturels de bonne facture, ainsi que des activit\u00e9s de loisir grand public pour l\u2019enchantement des petits et des grands, tout au long de l\u2019\u00e9t\u00e9. Fahd El Mejjati, directeur g\u00e9n\u00e9ral d\u00e9l\u00e9gu\u00e9 de la marina, consid\u00e8re que ce programme d\u2019activit\u00e9s touristiques offrira aux habitants de Rabat et Sal\u00e9, ainsi qu\u2019aux touristes nationaux et internationaux, des attractions tout public, originales et ludiques \u00e0 travers un nouvel agenda estival de qualit\u00e9 qui valorise le patrimoine national et le fait rayonner.<\/p>\n<p class=\"c4\">Les responsables ont aussi profit\u00e9 de l\u2019occasion pour faire le point sur l\u2019avancement de la marina. Le port de plaisance est bord\u00e9 d\u2019espaces de restauration avec 28 locaux commerciaux offrant un large choix de restaurant, salon de th\u00e9 glacier et caf\u00e9. La Marina du Bouregreg offre \u00e9galement un vaste choix d\u2019activit\u00e9s sportives et de loisirs, avec 11 clubs et associations proposant au public l\u2019ensemble des disciplines sportives li\u00e9 au monde du nautisme (Voile, cano\u00eb kayak, aviron, jet ski, stand up paddle. Le management se vante aussi de la station d\u2019avitaillement en carburant dont dispose la marina, ainsi qu\u2019une unit\u00e9 de r\u00e9cup\u00e9ration des huiles usag\u00e9es et d\u2019une unit\u00e9 de traitement des eaux us\u00e9es avant d\u2019\u00eatre d\u00e9vers\u00e9es dans le r\u00e9seau d\u2019assainissement.<\/p>\n<p class=\"c5\"><strong>Hajar Benezha<\/strong><\/p>\n<p>Auteur: rahal mehamed<br \/>\n<a href=\"http:\/\/albayane.press.ma\/la-marina-du-bouregreg-entame-sa-vitesse-de-croisiere.html\">Cliquez ici pour lire l&rsquo;article depuis sa source.<\/a><\/p>\n","protected":false},"excerpt":{"rendered":"<p>La marina du Bouregreg serait en phase d\u2019entamer sa vitesse de croisi\u00e8re pour devenir un must pour les plaisanciers et les visiteurs. Pour preuve, le lancement de nouveaux projets annonc\u00e9s, jeudi dernier. Cette station baln\u00e9aire, op\u00e9rationnelle depuis mars 2008, va se doter d\u2019un nouveau port pouvant accueillir jusqu\u2019\u00e0 100 anneaux suppl\u00e9mentaires destin\u00e9s notamment aux m\u00e9ga [&hellip;]<\/p>\n","protected":false},"author":1760,"featured_media":0,"comment_status":"closed","ping_status":"closed","sticky":false,"template":"","format":"standard","meta":{"fifu_image_url":"","fifu_image_alt":"","footnotes":""},"categories":[73,54],"tags":[],"class_list":["post-35349","post","type-post","status-publish","format-standard","hentry","category-actualite","category-maroc"],"_links":{"self":[{"href":"https:\/\/linitiative.ca\/International\/wp-json\/wp\/v2\/posts\/35349","targetHints":{"allow":["GET"]}}],"collection":[{"href":"https:\/\/linitiative.ca\/International\/wp-json\/wp\/v2\/posts"}],"about":[{"href":"https:\/\/linitiative.ca\/International\/wp-json\/wp\/v2\/types\/post"}],"author":[{"embeddable":true,"href":"https:\/\/linitiative.ca\/International\/wp-json\/wp\/v2\/users\/1760"}],"replies":[{"embeddable":true,"href":"https:\/\/linitiative.ca\/International\/wp-json\/wp\/v2\/comments?post=35349"}],"version-history":[{"count":0,"href":"https:\/\/linitiative.ca\/International\/wp-json\/wp\/v2\/posts\/35349\/revisions"}],"wp:attachment":[{"href":"https:\/\/linitiative.ca\/International\/wp-json\/wp\/v2\/media?parent=35349"}],"wp:term":[{"taxonomy":"category","embeddable":true,"href":"https:\/\/linitiative.ca\/International\/wp-json\/wp\/v2\/categories?post=35349"},{"taxonomy":"post_tag","embeddable":true,"href":"https:\/\/linitiative.ca\/International\/wp-json\/wp\/v2\/tags?post=35349"}],"curies":[{"name":"wp","href":"https:\/\/api.w.org\/{rel}","templated":true}]}}