{"id":35352,"date":"2019-05-20T06:41:46","date_gmt":"2019-05-20T10:41:46","guid":{"rendered":"https:\/\/linitiative.ca\/International\/17-mai-journee-mondiale-des-telecoms-et-de-la-societe-de-linformation\/"},"modified":"2019-05-20T06:41:46","modified_gmt":"2019-05-20T10:41:46","slug":"17-mai-journee-mondiale-des-telecoms-et-de-la-societe-de-linformation","status":"publish","type":"post","link":"https:\/\/linitiative.ca\/International\/17-mai-journee-mondiale-des-telecoms-et-de-la-societe-de-linformation\/","title":{"rendered":"17 mai, journ\u00e9e mondiale des t\u00e9l\u00e9coms et de la soci\u00e9t\u00e9 de l\u2019information"},"content":{"rendered":"<p class=\"c3\"><span class=\"c2\"><strong>R\u00e9duire l\u2019\u00e9cart en mati\u00e8re de normalisation<\/strong><\/span><\/p>\n<p class=\"c5\"><span class=\"c4\">Par Abdelouahed Jraifi<\/span><\/p>\n<p class=\"c5\"><em><span class=\"c6\"><span class=\"c2\"><strong>L<\/strong><\/span>e 17 Mai 2019 co\u00efncide avec\u00a0 le 154\u00e8me anniversaire de l\u2019Union international des t\u00e9l\u00e9communications (UIT) et qui aura pour th\u00e8me : R\u00e9duire l\u2019\u00e9cart en mati\u00e8re de normalisation. Pour rappel, l\u2019UIT se compose de 193 pays membres et de plusieurs organismes du secteur priv\u00e9 et des \u00e9tablissements de l\u2019enseignement sup\u00e9rieur. Il est organis\u00e9 en trois secteurs principaux: UIT-R (pour la radiocommunication), l\u2019UIT-T (pour la normalisation) et l\u2019UIT-D (pour le d\u00e9veloppement). La r\u00e9flexion sur le r\u00f4le de la normalisation dans le secteur des t\u00e9l\u00e9coms et de la soci\u00e9t\u00e9 de l\u2019information constitue un \u00e9l\u00e9ment cl\u00e9 dans le processus de d\u00e9veloppement durable des nations unies.<\/span><\/em><\/p>\n<p class=\"c7\">Dans le secteur de normalisation, et selon le rapport de l\u2019Union Africaine des T\u00e9l\u00e9communications (UAT) en novembre 2017, l\u2019Afrique accuse beaucoup de retard et les questions \u00e9voqu\u00e9es par l\u2019UAT et qui ont fait l\u2019objet de plusieurs d\u00e9bats s\u2019articulent autour des th\u00e9matiques dominantes.Mise \u00e0 part des contributions que l\u2019on peut d\u00e9fendre \u00e0 ce niveau, l\u2019Afrique ne saurait rester en dehors du d\u00e9bat sur la normalisation. Sans laquelle, il est trop difficile d\u2019imaginer dans quel sens et en quel domaine le progr\u00e8s technologique sera le plus important et la normalisation internationale est \u00e0 la base de la communication et de l\u2019interconnexion entre les diff\u00e9rentes entit\u00e9s.Avec l\u2019omnipotence des technologies modernes au sein de notre soci\u00e9t\u00e9 en g\u00e9n\u00e9ral et de l\u2019intelligence artificielle et de la robotique en particulier, le danger des armes autonomes (robots tueurs) va s\u2019accentuer surtout en l\u2019absence de normes internationales pour conjurer la menace d\u2019une guerre.<\/p>\n<p class=\"c7\">La mise en place des r\u00e9seaux de t\u00e9l\u00e9communication filaires (FTTH, RNIS) ou non filaires (2G, 3G, 4G et la 5G) est une t\u00e2che difficile et complexe puisque chaque technologie est caract\u00e9ris\u00e9e par ses sp\u00e9cifications techniques et le point commun qui vise l\u2019unification de ces technologies c\u2019est la normalisation internationale. L\u2019UIT \u00e0 travers son secteur UIT-T publie annuellement plusieurs normes qui sont \u00e9labor\u00e9es par des experts et des sp\u00e9cialistes membres de l\u2019UIT. L\u2019objectif ultime de l\u2019UIT-T, selon l\u2019UIT, consiste \u00e0 \u00e9laborer des normes sans favoriser des int\u00e9r\u00eats commerciaux particuliers et que les normes \u00e9tablies recueillent le soutien, obtenu par consensus, des diff\u00e9rentes parties prenantes qui composent l\u2019UIT.<\/p>\n<p class=\"c7\">La comm\u00e9moration de la journ\u00e9e mondiale des t\u00e9l\u00e9communications et de la soci\u00e9t\u00e9 de l\u2019information pourrait \u00eatre une occasion pour nos d\u00e9cideurs d\u2019examiner et d\u2019analyser les dysfonctionnements, d\u2019\u00e9laborer et de conforter les strat\u00e9gies mises en place. Personnellement, je me suis constamment r\u00e9f\u00e9r\u00e9 \u00e0 l\u2019importance de la dimension du capital Humain dans la ma\u00eetrise et le d\u00e9veloppement du secteur TIC en g\u00e9n\u00e9ral et des t\u00e9l\u00e9coms en particulier. Dans ce cadre, il est important de rappeler le discours de Sa Majest\u00e9, qui s\u2019est adress\u00e9 au gouvernement, lors du symposium sur la soci\u00e9t\u00e9 globale de l\u2019information et du savoir en 2001dont voici un extrait: \u00ab\u00a0\u2026l\u2019\u00e9mergence de la soci\u00e9t\u00e9 du savoir et de la communication, nous impose un devoir de mise \u00e0 niveau, permettant de doter notre pays de la capacit\u00e9 de ma\u00eetriser les nouvelles technologies de cette soci\u00e9t\u00e9, et d\u2019exploiter de fa\u00e7on optimale, les vastes possibilit\u00e9s qu\u2019elles nous offrent\u00a0\u00bb.<\/p>\n<p class=\"c7\">Le challenge aujourd\u2019hui, c\u2019est la ma\u00eetrise de la technologie afin d\u2019\u00e9viter l\u2019appartenance de notre pays parmi la cat\u00e9gorie des pays suiveurs (classement McKinsey). Cette ma\u00eetrise technique, \u00e0 mon avis, est n\u00e9cessaire pour notre continent afin de contribuer dans la normalisation internationale sans h\u00e9t\u00e9ronomie. D\u2019ailleurs l\u2019un des d\u00e9fis auquel notre continent est confront\u00e9 est celui de la qualit\u00e9 de son capital Humain. Je crois que les avanc\u00e9es actuelles posent plusieurs questions int\u00e9ressantes dans divers domaines: Juridique, philosophique, \u00e9conomique et technique et c\u2019est pourquoi Il conviendrait d\u2019impliquer largement les experts et les scientifiques et de consid\u00e9rer la normalisation comme un projet continu et permanent.<\/p>\n<p class=\"c7\">De par la position et l\u2019exp\u00e9rience du Maroc capitalis\u00e9e dans le secteur des technologies de l\u2019information et de communication, notre pays est en mesure de devenir un hub pour le continent africain, mais il faut s\u2019en donner les moyens n\u00e9cessaires.<\/p>\n<p class=\"c7\">A l\u2019occasion de la journ\u00e9e mondiale des t\u00e9l\u00e9communications et de la soci\u00e9t\u00e9 de l\u2019information, les r\u00eaves sont permis. Toutefois l\u2019id\u00e9e de cet article peut sembler utopique mais je suis convaincu qu\u2019elle constitue le passage oblig\u00e9 pour un leadership africain en t\u00e9l\u00e9communications et en sciences de l\u2019information.<\/p>\n<p>Auteur: rahal mehamed<br \/>\n<a href=\"http:\/\/albayane.press.ma\/17-mai-journee-mondiale-des-telecoms-et-de-la-societe-de-linformation.html\">Cliquez ici pour lire l&rsquo;article depuis sa source.<\/a><\/p>\n","protected":false},"excerpt":{"rendered":"<p>R\u00e9duire l\u2019\u00e9cart en mati\u00e8re de normalisation Par Abdelouahed Jraifi Le 17 Mai 2019 co\u00efncide avec\u00a0 le 154\u00e8me anniversaire de l\u2019Union international des t\u00e9l\u00e9communications (UIT) et qui aura pour th\u00e8me : R\u00e9duire l\u2019\u00e9cart en mati\u00e8re de normalisation. Pour rappel, l\u2019UIT se compose de 193 pays membres et de plusieurs organismes du secteur priv\u00e9 et des \u00e9tablissements [&hellip;]<\/p>\n","protected":false},"author":1760,"featured_media":0,"comment_status":"closed","ping_status":"closed","sticky":false,"template":"","format":"standard","meta":{"fifu_image_url":"","fifu_image_alt":"","footnotes":""},"categories":[73,54],"tags":[],"class_list":["post-35352","post","type-post","status-publish","format-standard","hentry","category-actualite","category-maroc"],"_links":{"self":[{"href":"https:\/\/linitiative.ca\/International\/wp-json\/wp\/v2\/posts\/35352","targetHints":{"allow":["GET"]}}],"collection":[{"href":"https:\/\/linitiative.ca\/International\/wp-json\/wp\/v2\/posts"}],"about":[{"href":"https:\/\/linitiative.ca\/International\/wp-json\/wp\/v2\/types\/post"}],"author":[{"embeddable":true,"href":"https:\/\/linitiative.ca\/International\/wp-json\/wp\/v2\/users\/1760"}],"replies":[{"embeddable":true,"href":"https:\/\/linitiative.ca\/International\/wp-json\/wp\/v2\/comments?post=35352"}],"version-history":[{"count":0,"href":"https:\/\/linitiative.ca\/International\/wp-json\/wp\/v2\/posts\/35352\/revisions"}],"wp:attachment":[{"href":"https:\/\/linitiative.ca\/International\/wp-json\/wp\/v2\/media?parent=35352"}],"wp:term":[{"taxonomy":"category","embeddable":true,"href":"https:\/\/linitiative.ca\/International\/wp-json\/wp\/v2\/categories?post=35352"},{"taxonomy":"post_tag","embeddable":true,"href":"https:\/\/linitiative.ca\/International\/wp-json\/wp\/v2\/tags?post=35352"}],"curies":[{"name":"wp","href":"https:\/\/api.w.org\/{rel}","templated":true}]}}