{"id":35354,"date":"2019-05-20T03:59:21","date_gmt":"2019-05-20T07:59:21","guid":{"rendered":"https:\/\/linitiative.ca\/International\/prochaines-echeances-electorales-mission-dobservation-de-lue-invitee-a-tunis\/"},"modified":"2019-05-20T03:59:21","modified_gmt":"2019-05-20T07:59:21","slug":"prochaines-echeances-electorales-mission-dobservation-de-lue-invitee-a-tunis","status":"publish","type":"post","link":"https:\/\/linitiative.ca\/International\/prochaines-echeances-electorales-mission-dobservation-de-lue-invitee-a-tunis\/","title":{"rendered":"Prochaines \u00e9ch\u00e9ances \u00e9lectorales: Mission d\u2019observation de l\u2019UE invit\u00e9e \u00e0 Tunis"},"content":{"rendered":"<p>A l\u2019occasion de son d\u00e9placement \u00e0 Bruxelles, o\u00f9 il a copr\u00e9sid\u00e9 avec la Haute repr\u00e9sentante de l\u2019UE pour les affaires \u00e9trang\u00e8res et la politique de s\u00e9curit\u00e9 Federica Mogherini, la 15e session du Conseil d\u2019association Tunisie-UE, le ministre des Affaires \u00e9trang\u00e8res, Kh\u00e9maies Jhinaoui \u00e9voqu\u00e9 l\u2019invitation adress\u00e9e \u00e0 l\u2019UE pour participer \u00e0 l\u2019observation des \u00e9lections l\u00e9gislatives et pr\u00e9sidentielle pr\u00e9vues au dernier trimestre de 2019 en Tunisie.<\/p>\n<p>\u00ab L\u2019UE a bien re\u00e7u l\u2019invitation \u00e9manant de l\u2019Instance Sup\u00e9rieur Ind\u00e9pendante pour les Elections (ISIE) pour d\u00e9p\u00eacher une mission d\u2019Observation \u00e9lectorale (MOE) pour les \u00e9lections pr\u00e9sidentielles et l\u00e9gislatives \u00bb, lit-on dans une d\u00e9claration conjointe publi\u00e9e par le d\u00e9partement des Affaires \u00e9trang\u00e8res.<\/p>\n<p>Il y est soulign\u00e9 que l\u2019UE a d\u00e9cid\u00e9 de renforcer davantage son appui \u00e0 l\u2019ISIE notamment \u00e0 travers l\u2019approbation d\u2019un montant additionnel de 2 millions d\u2019euros \u00e0 cette fin.<\/p>\n<p>Les deux parties ont mis l\u2019accent sur l\u2019importance des efforts mis en \u0153uvre pour soutenir l\u2019investissement en Tunisie en usant d\u2019instruments innovants tel que le Plan Europ\u00e9en d\u2019Investissement Ext\u00e9rieur, lit-on de m\u00eame source.<\/p>\n<p>\u00ab Nous avons confirm\u00e9 notre souhait de d\u00e9velopper davantage les relations \u00e9conomiques et commerciales entre l\u2019UE et la Tunisie, en poursuivant les n\u00e9gociations sur un Accord de Libre Echange Complet et Approfondi (ALECA). L\u2019ALECA aidera la Tunisie \u00e0 diversifier son \u00e9conomie, \u00e0 accroitre sa comp\u00e9titivit\u00e9 et \u00e0 d\u00e9velopper ses exportations aupr\u00e8s de l\u2019UE, qui est son plus grand partenaire commercial. Nous avons convenu de l\u2019importance de maintenir notre commerce bilat\u00e9ral aussi fluide que possible, exempt d\u2019obstacles et barri\u00e8res. L\u2019Union europ\u00e9enne a not\u00e9 l\u2019annonce de la d\u00e9cision des autorit\u00e9s tunisiennes de lever dans les meilleurs d\u00e9lais les mesures commerciales mises en place en novembre 2018. La Tunisie a pris note du commentaire de la partie europ\u00e9enne que ces mesures ont un impact sur les produits europ\u00e9ens \u00bb, souligne la d\u00e9claration conjointe.<\/p>\n<p>Il ressort \u00e9galement de la d\u00e9claration conjointe que les deux parties ont \u00ab abord\u00e9 les opportunit\u00e9s et d\u00e9fis pos\u00e9s par la migration \u00bb. Les deux parties s\u2019engagent \u00e0 \u00ab renforcer la coop\u00e9ration dans ce domaine, et \u00e0 avancer dans les n\u00e9gociations sur la facilitation des visas et l\u2019accord sur la r\u00e9admission afin de les conclure dans les meilleurs d\u00e9lais \u00bb.<\/p>\n<p>\u00ab L\u2019UE salue les progr\u00e8s r\u00e9alis\u00e9s par la Tunisie pour r\u00e9pondre aux normes internationales et europ\u00e9ennes en mati\u00e8re de lutte contre le blanchiment d\u2019argent et le financement du terrorisme, et elle poursuivra son soutien \u00e0 cet effet. Notre objectif commun est de voir la Tunisie sortir de la liste du GAFI, ainsi que de la liste de l\u2019Union europ\u00e9enne, aussi vite que possible \u00bb, ajoute la d\u00e9claration.<\/p>\n<p class=\"dpsp-share-text\">Partager c&rsquo;est aimer!<\/p>\n<div class=\"wp-post-author-wrap wp-post-author-shortcode left\">\n<h3 class=\"awpa-title\"\/>\n<div class=\"wp-post-author\">\n<div class=\"awpa-img awpa-author-block square\"><a href=\"http:\/\/lexpertjournal.net\/fr\/author\/expert\/\"><img loading=\"lazy\" decoding=\"async\" alt=\"\" src=\"http:\/\/2.gravatar.com\/avatar\/56d99be2a6f97af88ccb49fada637fcd?s=150&#038;d=mm&#038;r=g\" srcset=\"http:\/\/2.gravatar.com\/avatar\/56d99be2a6f97af88ccb49fada637fcd?s=300&#038;d=mm&#038;r=g 2x\" class=\"avatar avatar-150 photo\" height=\"150\" width=\"150\"\/><\/a><\/div>\n<\/div>\n<\/div>\n<p>Auteur: L&rsquo;expert<br \/>\n<a href=\"http:\/\/lexpertjournal.net\/fr\/2019\/05\/20\/prochaines-echeances-electorales-mission-dobservation-de-lue-invitee-a-tunis\/\">Cliquez ici pour lire l&rsquo;article depuis sa source.<\/a><\/p>\n","protected":false},"excerpt":{"rendered":"<p>A l\u2019occasion de son d\u00e9placement \u00e0 Bruxelles, o\u00f9 il a copr\u00e9sid\u00e9 avec la Haute repr\u00e9sentante de l\u2019UE pour les affaires \u00e9trang\u00e8res et la politique de s\u00e9curit\u00e9 Federica Mogherini, la 15e session du Conseil d\u2019association Tunisie-UE, le ministre des Affaires \u00e9trang\u00e8res, Kh\u00e9maies Jhinaoui \u00e9voqu\u00e9 l\u2019invitation adress\u00e9e \u00e0 l\u2019UE pour participer \u00e0 l\u2019observation des \u00e9lections l\u00e9gislatives et [&hellip;]<\/p>\n","protected":false},"author":1775,"featured_media":0,"comment_status":"closed","ping_status":"closed","sticky":false,"template":"","format":"standard","meta":{"fifu_image_url":"","fifu_image_alt":"","footnotes":""},"categories":[78,55],"tags":[],"class_list":["post-35354","post","type-post","status-publish","format-standard","hentry","category-economie","category-tunisie"],"_links":{"self":[{"href":"https:\/\/linitiative.ca\/International\/wp-json\/wp\/v2\/posts\/35354","targetHints":{"allow":["GET"]}}],"collection":[{"href":"https:\/\/linitiative.ca\/International\/wp-json\/wp\/v2\/posts"}],"about":[{"href":"https:\/\/linitiative.ca\/International\/wp-json\/wp\/v2\/types\/post"}],"author":[{"embeddable":true,"href":"https:\/\/linitiative.ca\/International\/wp-json\/wp\/v2\/users\/1775"}],"replies":[{"embeddable":true,"href":"https:\/\/linitiative.ca\/International\/wp-json\/wp\/v2\/comments?post=35354"}],"version-history":[{"count":0,"href":"https:\/\/linitiative.ca\/International\/wp-json\/wp\/v2\/posts\/35354\/revisions"}],"wp:attachment":[{"href":"https:\/\/linitiative.ca\/International\/wp-json\/wp\/v2\/media?parent=35354"}],"wp:term":[{"taxonomy":"category","embeddable":true,"href":"https:\/\/linitiative.ca\/International\/wp-json\/wp\/v2\/categories?post=35354"},{"taxonomy":"post_tag","embeddable":true,"href":"https:\/\/linitiative.ca\/International\/wp-json\/wp\/v2\/tags?post=35354"}],"curies":[{"name":"wp","href":"https:\/\/api.w.org\/{rel}","templated":true}]}}