{"id":35355,"date":"2019-05-20T04:07:10","date_gmt":"2019-05-20T08:07:10","guid":{"rendered":"https:\/\/linitiative.ca\/International\/taxis-auto-ecoles-et-ambulanciers-manifestent-contre-la-future-loi-dorientation-des-mobilites\/"},"modified":"2019-05-20T04:07:10","modified_gmt":"2019-05-20T08:07:10","slug":"taxis-auto-ecoles-et-ambulanciers-manifestent-contre-la-future-loi-dorientation-des-mobilites","status":"publish","type":"post","link":"https:\/\/linitiative.ca\/International\/taxis-auto-ecoles-et-ambulanciers-manifestent-contre-la-future-loi-dorientation-des-mobilites\/","title":{"rendered":"Taxis, auto-\u00e9coles et ambulanciers manifestent contre la future \u00ab loi d\u2019orientation des mobilit\u00e9s \u00bb"},"content":{"rendered":"<p>Ils protestent contre la r\u00e9forme \u00e0 venir du permis de conduire et des nouvelles autorisations qui vont \u00ab\u00a0casser l\u2019\u00e9quilibre entre VTC et taxis\u00a0\u00bb, selon un syndicat.<\/p>\n<p>Des taxis, des ambulanciers et des auto-\u00e9coles vont participer, lundi\u00a020\u00a0mai, \u00e0 des op\u00e9rations escargot et \u00e0 des ralentissements notamment en r\u00e9gion parisienne et dans la capitale. Ils r\u00e9pondent \u00e0 l\u2019appel de syndicats de taxis et d\u2019auto-\u00e9coles, ainsi que d\u2019une association d\u2019ambulanciers pour protester contre la\u00a0<a href=\"https:\/\/www.lemonde.fr\/economie\/article\/2019\/05\/13\/la-mobilite-pourrait-devenir-un-theme-de-negociation-obligatoire-dans-les-entreprises_5461390_3234.html\">loi \u00ab\u00a0mobilit\u00e9s\u00a0\u00bb<\/a>et la r\u00e9forme \u00e0 venir du permis de conduire.<\/p>\n<p><em>\u00ab\u00a0Nous attendons des gens de province et il y a des initiatives locales\u00a0\u00bb<\/em>, a d\u00e9clar\u00e9 lundi Karim Asnoun (CGT-Taxis), qui esp\u00e8re\u00a0<em>\u00ab\u00a0un succ\u00e8s\u00a0\u00bb<\/em>\u00a0pour cette mobilisation.\u00a0<em>\u00ab\u00a0La derni\u00e8re fois o\u00f9 notre organisation a appel\u00e9 \u00e0 la mobilisation, en\u00a02016, \u00e7a avait dur\u00e9 quatre jours et avait abouti \u00e0 la loi Grandguillaume\u00a0\u00bb<\/em>, a-t-il ajout\u00e9.<\/p>\n<p>La pr\u00e9fecture de police de Paris a pr\u00e9venu que\u00a0<em>\u00ab\u00a0des perturbations sont \u00e0 pr\u00e9voir sur l\u2019ensemble des itin\u00e9raires emprunt\u00e9s par les diff\u00e9rentes professions repr\u00e9sent\u00e9es\u00a0\u00bb<\/em>. Plusieurs cort\u00e8ges doivent converger vers la capitale, direction boulevard Raspail (7<sup>e<\/sup>), o\u00f9 une manifestation \u00e0 pied est pr\u00e9vue jusqu\u2019\u00e0 la place du Pr\u00e9sident-Herriot, selon la pr\u00e9fecture de police, qui pr\u00e9voit une dispersion vers 20\u00a0heures.<\/p>\n<p>Les cort\u00e8ges partent de Roissy, d\u2019Orly, de la D\u00e9fense, Torcy, des portes de Clignancourt, Bagnolet, d\u2019Italie, Auteuil, selon la pr\u00e9fecture. Elle\u00a0<em>\u00ab\u00a0conseille aux automobilistes de contourner tr\u00e8s largement les abords des zones concern\u00e9es et d\u2019\u00e9viter les itin\u00e9raires emprunt\u00e9s ainsi que leurs abords\u00a0\u00bb<\/em>.<\/p>\n<h2>VTC et r\u00e9forme du permis de conduire dans le viseur<\/h2>\n<p>Le projet de loi d\u2019orientation des mobilit\u00e9s (LOM)\u00a0<em>\u00ab\u00a0casse l\u2019\u00e9quilibre entre VTC et taxis\u00a0\u00bb<\/em>, avait expliqu\u00e9 la semaine derni\u00e8re Adil Karami, porte-parole de SUD-Taxi. Cette nouvelle loi\u00a0<em>\u00ab\u00a0va empirer les choses puisqu\u2019elle compte donner, aux VTC notamment, des attributs qui sont le propre des taxis\u00a0: la circulation dans les voies r\u00e9serv\u00e9es, la station sur des voies publiques pour attendre la client\u00e8le\u2026 Ce sont des choses li\u00e9es \u00e0 nos licences ou \u00e0 nos autorisations que l\u2019on a achet\u00e9es tr\u00e8s cher, et aujourd\u2019hui on veut le leur donner comme un cadeau\u00a0\u00bb,<\/em>\u00a0a d\u00e9taill\u00e9 Karim Asnoun, d\u00e9l\u00e9gu\u00e9 CGT-Taxis, lundi sur Europe\u00a01.<\/p>\n<p>Echaud\u00e9es par les pistes lanc\u00e9es pour r\u00e9former le permis de conduire,\u00a0<a href=\"https:\/\/www.lemonde.fr\/economie\/article\/2019\/04\/01\/operation-escargot-a-paris-contre-la-reforme-du-permis_5444184_3234.html\">les auto-\u00e9coles qui s\u2019\u00e9taient d\u00e9j\u00e0 mobilis\u00e9es le 1<sup>er<\/sup>\u00a0avril<\/a>, \u00e0 l\u2019appel des deux principales organisations de la profession (CNPA et Unidec), participent \u00e9galement au mouvement. Elles craignent que deux propositions d\u2019un rapport command\u00e9 par l\u2019ex\u00e9cutif \u00e0 la d\u00e9put\u00e9e LRM Fran\u00e7oise Dumas (LRM) favorisent les plates-formes, nouvelles venues dans le secteur\u00a0: l\u2019agr\u00e9ment national des auto-\u00e9coles et la possibilit\u00e9 pour un candidat de s\u2019inscrire lui-m\u00eame directement \u00e0 l\u2019examen.<\/p>\n<p>Enfin, d\u00e9j\u00e0 mobilis\u00e9s \u00e0 la fin de\u00a02018 contre une r\u00e9forme du financement des transports de sant\u00e9, des ambulanciers sont appel\u00e9s \u00e0 se joindre au mouvement par l\u2019Association de d\u00e9fense des transporteurs sanitaires (ADTS).<\/p>\n<p>Le Monde<\/p>\n<p class=\"dpsp-share-text\">Partager c&rsquo;est aimer!<\/p>\n<div class=\"wp-post-author-wrap wp-post-author-shortcode left\">\n<h3 class=\"awpa-title\"\/>\n<div class=\"wp-post-author\">\n<div class=\"awpa-img awpa-author-block square\"><a href=\"http:\/\/lexpertjournal.net\/fr\/author\/expert\/\"><img loading=\"lazy\" decoding=\"async\" alt=\"\" src=\"http:\/\/2.gravatar.com\/avatar\/56d99be2a6f97af88ccb49fada637fcd?s=150&#038;d=mm&#038;r=g\" srcset=\"http:\/\/2.gravatar.com\/avatar\/56d99be2a6f97af88ccb49fada637fcd?s=300&#038;d=mm&#038;r=g 2x\" class=\"avatar avatar-150 photo\" height=\"150\" width=\"150\"\/><\/a><\/div>\n<\/div>\n<\/div>\n<p>Auteur: L&rsquo;expert<br \/>\n<a href=\"http:\/\/lexpertjournal.net\/fr\/2019\/05\/20\/taxis-auto-ecoles-et-ambulanciers-manifestent-contre-la-future-loi-dorientation-des-mobilites\/\">Cliquez ici pour lire l&rsquo;article depuis sa source.<\/a><\/p>\n","protected":false},"excerpt":{"rendered":"<p>Ils protestent contre la r\u00e9forme \u00e0 venir du permis de conduire et des nouvelles autorisations qui vont \u00ab\u00a0casser l\u2019\u00e9quilibre entre VTC et taxis\u00a0\u00bb, selon un syndicat. Des taxis, des ambulanciers et des auto-\u00e9coles vont participer, lundi\u00a020\u00a0mai, \u00e0 des op\u00e9rations escargot et \u00e0 des ralentissements notamment en r\u00e9gion parisienne et dans la capitale. Ils r\u00e9pondent \u00e0 [&hellip;]<\/p>\n","protected":false},"author":1775,"featured_media":0,"comment_status":"closed","ping_status":"closed","sticky":false,"template":"","format":"standard","meta":{"fifu_image_url":"","fifu_image_alt":"","footnotes":""},"categories":[78,55],"tags":[],"class_list":["post-35355","post","type-post","status-publish","format-standard","hentry","category-economie","category-tunisie"],"_links":{"self":[{"href":"https:\/\/linitiative.ca\/International\/wp-json\/wp\/v2\/posts\/35355","targetHints":{"allow":["GET"]}}],"collection":[{"href":"https:\/\/linitiative.ca\/International\/wp-json\/wp\/v2\/posts"}],"about":[{"href":"https:\/\/linitiative.ca\/International\/wp-json\/wp\/v2\/types\/post"}],"author":[{"embeddable":true,"href":"https:\/\/linitiative.ca\/International\/wp-json\/wp\/v2\/users\/1775"}],"replies":[{"embeddable":true,"href":"https:\/\/linitiative.ca\/International\/wp-json\/wp\/v2\/comments?post=35355"}],"version-history":[{"count":0,"href":"https:\/\/linitiative.ca\/International\/wp-json\/wp\/v2\/posts\/35355\/revisions"}],"wp:attachment":[{"href":"https:\/\/linitiative.ca\/International\/wp-json\/wp\/v2\/media?parent=35355"}],"wp:term":[{"taxonomy":"category","embeddable":true,"href":"https:\/\/linitiative.ca\/International\/wp-json\/wp\/v2\/categories?post=35355"},{"taxonomy":"post_tag","embeddable":true,"href":"https:\/\/linitiative.ca\/International\/wp-json\/wp\/v2\/tags?post=35355"}],"curies":[{"name":"wp","href":"https:\/\/api.w.org\/{rel}","templated":true}]}}