{"id":35362,"date":"2019-05-20T06:41:31","date_gmt":"2019-05-20T10:41:31","guid":{"rendered":"https:\/\/linitiative.ca\/International\/larret-des-soins-de-vincent-lambert-a-debute-une-folie-pour-ses-parents\/"},"modified":"2019-05-20T06:41:31","modified_gmt":"2019-05-20T10:41:31","slug":"larret-des-soins-de-vincent-lambert-a-debute-une-folie-pour-ses-parents","status":"publish","type":"post","link":"https:\/\/linitiative.ca\/International\/larret-des-soins-de-vincent-lambert-a-debute-une-folie-pour-ses-parents\/","title":{"rendered":"L\u2019arr\u00eat des soins de Vincent Lambert a d\u00e9but\u00e9, \u00ab une folie \u00bb pour ses parents"},"content":{"rendered":"<p>L\u2019interruption des soins de Vincent Lambert, annonc\u00e9e par son m\u00e9decin pour cette semaine, a d\u00e9but\u00e9 d\u00e8s lundi matin: cette d\u00e9cision m\u00e9dicale a provoqu\u00e9 la col\u00e8re de ses parents, qui esp\u00e8rent encore que de nouveaux recours judiciaires stoppent \u00ab cette folie \u00bb.<\/p>\n<p>C\u2019est dans un mail adress\u00e9 \u00e0 la famille que Vincent Sanchez, chef du service de soins palliatifs de l\u2019h\u00f4pital S\u00e9bastopol de Reims, lui a fait part de \u00bb\u00a0<a href=\"https:\/\/actu.orange.fr\/france\/vincent-lambert-l-arret-des-traitements-un-processus-tres-encadre-CNT000001fQ2VT.html\">l\u2019arr\u00eat des traitements<\/a> \u00bb et de \u00ab la s\u00e9dation profonde et continue \u00bb de Vincent Lambert, 42 ans, t\u00e9trapl\u00e9gique en \u00e9tat v\u00e9g\u00e9tatif depuis plus de dix ans. De sources m\u00e9dicales, le d\u00e9c\u00e8s, dans ces conditions, interviendrait d\u2019ici quelques jours \u00e0 une semaine.<\/p>\n<p>Dans ce courrier \u00e9lectronique, dont l\u2019AFP a obtenu copie, le Dr Sanchez \u00ab esp\u00e8re pour Monsieur Vincent Lambert que chacun saura ouvrir une parenth\u00e8se et se rassembler, aupr\u00e8s de lui, afin que ces moments soient le plus paisibles, intimes et personnels \u00bb.\u00a0<\/p>\n<p>Une allusion aux positions inconciliables qui d\u00e9chirent la famille depuis six ans: d\u2019un c\u00f4t\u00e9, les parents fervents catholiques, un fr\u00e8re et une s\u0153ur s\u2019opposent \u00e0 l\u2019arr\u00eat des soins; de l\u2019autre, son \u00e9pouse Rachel, son neveu Fran\u00e7ois et cinq fr\u00e8res et s\u0153urs veulent mettent fin \u00e0 cet \u00ab acharnement th\u00e9rapeutique \u00bb.<\/p>\n<p>\u00ab C\u2019est des monstres ! Des monstres ! C\u2019est des nazis ! \u00bb, a d\u2019ailleurs lanc\u00e9 depuis une voiture Viviane Lambert, la m\u00e8re de Vincent, 73 ans, en passant devant l\u2019\u00e9tablissement. \u00ab On va balancer les vid\u00e9os ! Je veux voir mon fils tant qu\u2019il n\u2019est pas encore trop endormi \u00bb, a-t-elle aussi cri\u00e9, en larmes.\u00a0<\/p>\n<p>Dimanche, avec son mari Pierre, 90 ans, ils avaient organis\u00e9 un rassemblement au m\u00eame endroit pour d\u00e9noncer une \u00ab euthanasie d\u00e9guis\u00e9e \u00bb. Quelque 200 personnes y avaient particip\u00e9. Les parents estiment que leur fils est handicap\u00e9, et doit \u00eatre transf\u00e9r\u00e9 dans un \u00e9tablissement sp\u00e9cialis\u00e9.<\/p>\n<p>\u00ab Le coup de force continue, il est encore temps d\u2019arr\u00eater cette folie \u00bb, ont \u00e9galement r\u00e9agi dans un communiqu\u00e9 les avocats des parents, Jean Paillot et J\u00e9r\u00f4me Triomphe.\u00a0<\/p>\n<p>Ils entendent en effet contraindre la France \u00e0 appliquer les \u00ab mesures conservatoires \u00bb d\u2019un organisme de l\u2019ONU, le\u00a0Comit\u00e9 des droits des personnes handicap\u00e9es (CDPH), qui lui a demand\u00e9 de surseoir \u00e0 l\u2019arr\u00eat des soins, dans l\u2019attente d\u2019un examen du dossier sur le fond, qu\u2019il m\u00e8nerait.\u00a0<\/p>\n<p>Sur RTL lundi matin, Me Paillot a pr\u00e9cis\u00e9 avoir saisi dans ce sens le Conseil d\u2019Etat, la Cour europ\u00e9enne des droits de l\u2019homme et \u00ab \u00eatre sur le point de saisir la cour d\u2019appel de Paris \u00bb. Autre action envisag\u00e9e: devant le tribunal correctionnel de Reims \u00e0 l\u2019encontre du Dr Sanchez, dont ils r\u00e9clament la radiation.<\/p>\n<p>Ils mettent en avant notamment le dernier rapport d\u2019experts mandat\u00e9s par la justice, rendu fin 2018. Ces derniers avan\u00e7aient que la condition m\u00e9dicale de Vincent Lambert \u00ab n\u2019appelle aucune mesure d\u2019urgence \u00bb et qu&rsquo; \u00bbil existe en France des structures pouvant l\u2019accueillir jusqu\u2019\u00e0 sa disparition si le maintien au CHU de Reims s\u2019av\u00e9rait impossible pour des raisons autres que relevant de la simple technique m\u00e9dicale \u00bb.<\/p>\n<p>Ces m\u00eames experts affirmaient toutefois que son \u00ab \u00e9tat v\u00e9g\u00e9tatif chronique irr\u00e9versible \u00bb ne lui laisse plus \u00ab d\u2019acc\u00e8s possible \u00e0 la conscience \u00bb.<\/p>\n<p>La France r\u00e9p\u00e8te cependant que les mesures conservatoires pr\u00e9conis\u00e9es par le CDPH \u00ab sont d\u00e9pourvues de caract\u00e8re contraignant \u00bb et met en avant le \u00ab droit du patient \u00e0 ne pas subir d\u2019obstination d\u00e9raisonnable \u00bb.<\/p>\n<p>L\u2019interruption des soins, la quatri\u00e8me depuis 2013, a \u00e9t\u00e9 valid\u00e9e par le Conseil d\u2019Etat fin avril et les parents ont multipli\u00e9 en vain les recours depuis.<\/p>\n<p>Samedi, Me Jean Paillot et Me J\u00e9r\u00f4me Triomphe ont implor\u00e9 Emmanuel Macron de maintenir les traitements, qualifiant la mort programm\u00e9e du patient de \u00ab crime d\u2019Etat commis au prix d\u2019un coup de force contre l\u2019Etat de droit \u00bb.<\/p>\n<p>\u00ab Le pr\u00e9sident de la R\u00e9publique ne veut pas aller \u00e0 l\u2019encontre de d\u00e9cisions de justice \u00bb, a r\u00e9pondu Nathalie Loiseau, t\u00eate de liste de la majorit\u00e9 aux \u00e9lections europ\u00e9ennes France<a href=\"https:\/\/actu.orange.fr\/france\/nouveaux-recours-des-parents-de-vincent-lambert-contre-l-arret-programme-des-soins-CNT000001fOZ30.html\">\u00ab Nouveaux recours \u00bb des parents de Vincent Lambert contre l\u2019arr\u00eat programm\u00e9 des soins<\/a>France<a href=\"https:\/\/actu.orange.fr\/france\/l-arret-des-soins-de-vincent-lambert-a-commence-CNT000001fQ1D9.html\">L\u2019arr\u00eat des soins de Vincent Lambert a commenc\u00e9<\/a><\/p>\n<p>L\u2019interruption des soins de Vincent Lambert, annonc\u00e9e par son m\u00e9decin pour cette semaine, a d\u00e9but\u00e9 d\u00e8s lundi matin: cette d\u00e9cision m\u00e9dicale a provoqu\u00e9 la col\u00e8re de ses parents, qui esp\u00e8rent encore que de nouveaux recours judiciaires stoppent \u00ab cette folie \u00bb.<\/p>\n<p>C\u2019est dans un mail adress\u00e9 \u00e0 la famille que Vincent Sanchez, chef du service de soins palliatifs de l\u2019h\u00f4pital S\u00e9bastopol de Reims, lui a fait part de \u00bb\u00a0<a href=\"https:\/\/actu.orange.fr\/france\/vincent-lambert-l-arret-des-traitements-un-processus-tres-encadre-CNT000001fQ2VT.html\">l\u2019arr\u00eat des traitements<\/a> \u00bb et de \u00ab la s\u00e9dation profonde et continue \u00bb de Vincent Lambert, 42 ans, t\u00e9trapl\u00e9gique en \u00e9tat v\u00e9g\u00e9tatif depuis plus de dix ans. De sources m\u00e9dicales, le d\u00e9c\u00e8s, dans ces conditions, interviendrait d\u2019ici quelques jours \u00e0 une semaine.<\/p>\n<p>Dans ce courrier \u00e9lectronique, dont l\u2019AFP a obtenu copie, le Dr Sanchez \u00ab esp\u00e8re pour Monsieur Vincent Lambert que chacun saura ouvrir une parenth\u00e8se et se rassembler, aupr\u00e8s de lui, afin que ces moments soient le plus paisibles, intimes et personnels \u00bb.\u00a0<\/p>\n<p>Une allusion aux positions inconciliables qui d\u00e9chirent la famille depuis six ans: d\u2019un c\u00f4t\u00e9, les parents fervents catholiques, un fr\u00e8re et une s\u0153ur s\u2019opposent \u00e0 l\u2019arr\u00eat des soins; de l\u2019autre, son \u00e9pouse Rachel, son neveu Fran\u00e7ois et cinq fr\u00e8res et s\u0153urs veulent mettent fin \u00e0 cet \u00ab acharnement th\u00e9rapeutique \u00bb.<\/p>\n<p>\u00ab C\u2019est des monstres ! Des monstres ! C\u2019est des nazis ! \u00bb, a d\u2019ailleurs lanc\u00e9 depuis une voiture Viviane Lambert, la m\u00e8re de Vincent, 73 ans, en passant devant l\u2019\u00e9tablissement. \u00ab On va balancer les vid\u00e9os ! Je veux voir mon fils tant qu\u2019il n\u2019est pas encore trop endormi \u00bb, a-t-elle aussi cri\u00e9, en larmes.\u00a0<\/p>\n<p>Dimanche, avec son mari Pierre, 90 ans, ils avaient organis\u00e9 un rassemblement au m\u00eame endroit pour d\u00e9noncer une \u00ab euthanasie d\u00e9guis\u00e9e \u00bb. Quelque 200 personnes y avaient particip\u00e9. Les parents estiment que leur fils est handicap\u00e9, et doit \u00eatre transf\u00e9r\u00e9 dans un \u00e9tablissement sp\u00e9cialis\u00e9.<\/p>\n<p>\u00ab Le coup de force continue, il est encore temps d\u2019arr\u00eater cette folie \u00bb, ont \u00e9galement r\u00e9agi dans un communiqu\u00e9 les avocats des parents, Jean Paillot et J\u00e9r\u00f4me Triomphe.\u00a0<\/p>\n<p>Ils entendent en effet contraindre la France \u00e0 appliquer les \u00ab mesures conservatoires \u00bb d\u2019un organisme de l\u2019ONU, le\u00a0Comit\u00e9 des droits des personnes handicap\u00e9es (CDPH), qui lui a demand\u00e9 de surseoir \u00e0 l\u2019arr\u00eat des soins, dans l\u2019attente d\u2019un examen du dossier sur le fond, qu\u2019il m\u00e8nerait.\u00a0<\/p>\n<p>Sur RTL lundi matin, Me Paillot a pr\u00e9cis\u00e9 avoir saisi dans ce sens le Conseil d\u2019Etat, la Cour europ\u00e9enne des droits de l\u2019homme et \u00ab \u00eatre sur le point de saisir la cour d\u2019appel de Paris \u00bb. Autre action envisag\u00e9e: devant le tribunal correctionnel de Reims \u00e0 l\u2019encontre du Dr Sanchez, dont ils r\u00e9clament la radiation.<\/p>\n<p>Ils mettent en avant notamment le dernier rapport d\u2019experts mandat\u00e9s par la justice, rendu fin 2018. Ces derniers avan\u00e7aient que la condition m\u00e9dicale de Vincent Lambert \u00ab n\u2019appelle aucune mesure d\u2019urgence \u00bb et qu&rsquo; \u00bbil existe en France des structures pouvant l\u2019accueillir jusqu\u2019\u00e0 sa disparition si le maintien au CHU de Reims s\u2019av\u00e9rait impossible pour des raisons autres que relevant de la simple technique m\u00e9dicale \u00bb.<\/p>\n<p>Ces m\u00eames experts affirmaient toutefois que son \u00ab \u00e9tat v\u00e9g\u00e9tatif chronique irr\u00e9versible \u00bb ne lui laisse plus \u00ab d\u2019acc\u00e8s possible \u00e0 la conscience \u00bb.<\/p>\n<p>La France r\u00e9p\u00e8te cependant que les mesures conservatoires pr\u00e9conis\u00e9es par le CDPH \u00ab sont d\u00e9pourvues de caract\u00e8re contraignant \u00bb et met en avant le \u00ab droit du patient \u00e0 ne pas subir d\u2019obstination d\u00e9raisonnable \u00bb.<\/p>\n<p>L\u2019interruption des soins, la quatri\u00e8me depuis 2013, a \u00e9t\u00e9 valid\u00e9e par le Conseil d\u2019Etat fin avril et les parents ont multipli\u00e9 en vain les recours depuis.<\/p>\n<p>Samedi, Me Jean Paillot et Me J\u00e9r\u00f4me Triomphe ont implor\u00e9 Emmanuel Macron de maintenir les traitements, qualifiant la mort programm\u00e9e du patient de \u00ab crime d\u2019Etat commis au prix d\u2019un coup de force contre l\u2019Etat de droit \u00bb.<\/p>\n<p>\u00ab Le pr\u00e9sident de la R\u00e9publique ne veut pas aller \u00e0 l\u2019encontre de d\u00e9cisions de justice \u00bb, a r\u00e9pondu Nathalie Loiseau, t\u00eate de liste de la majorit\u00e9 aux \u00e9lections europ\u00e9ennes.\u00a0\u00ab Pourquoi cette pr\u00e9cipitation pour le conduire vers la mort ? \u00bb, s\u2019est \u00e9tonn\u00e9e samedi la Conf\u00e9rence des \u00e9v\u00eaques, alors\u00a0que Fran\u00e7ois-Xavier Bellamy, t\u00eate de liste LR aux \u00e9lections europ\u00e9ennes, a \u00e9galement demand\u00e9 qu\u2019on \u00ab se laisse le temps \u00bb.<\/p>\n<p>P\u00e8re de la loi de 2016 r\u00e9gissant la fin de vie, Jean Leonetti, \u00e9galement premier vice-pr\u00e9sident LR, estime au contraire que l\u2019arr\u00eat des soins de Vincent Lambert s\u2019inscrit bien \u00ab dans le cadre de la loi \u00bb. M\u00eame si le patient n\u2019a pas laiss\u00e9 de directives anticip\u00e9e, son \u00e9pouse et son neveu affirment que cet ancien infirmier avait pris position contre tout acharnement th\u00e9rapeutique.<\/p>\n<p>orange fr<\/p>\n<p class=\"dpsp-share-text\">Partager c&rsquo;est aimer!<\/p>\n<div class=\"wp-post-author-wrap wp-post-author-shortcode left\">\n<h3 class=\"awpa-title\"\/>\n<div class=\"wp-post-author\">\n<div class=\"awpa-img awpa-author-block square\"><a href=\"http:\/\/lexpertjournal.net\/fr\/author\/expert\/\"><img loading=\"lazy\" decoding=\"async\" alt=\"\" src=\"http:\/\/2.gravatar.com\/avatar\/56d99be2a6f97af88ccb49fada637fcd?s=150&#038;d=mm&#038;r=g\" srcset=\"http:\/\/2.gravatar.com\/avatar\/56d99be2a6f97af88ccb49fada637fcd?s=300&#038;d=mm&#038;r=g 2x\" class=\"avatar avatar-150 photo\" height=\"150\" width=\"150\"\/><\/a><\/div>\n<\/div>\n<\/div>\n<p>Auteur: L&rsquo;expert<br \/>\n<a href=\"http:\/\/lexpertjournal.net\/fr\/2019\/05\/20\/larret-des-soins-de-vincent-lambert-a-debute-une-folie-pour-ses-parents\/\">Cliquez ici pour lire l&rsquo;article depuis sa source.<\/a><\/p>\n","protected":false},"excerpt":{"rendered":"<p>L\u2019interruption des soins de Vincent Lambert, annonc\u00e9e par son m\u00e9decin pour cette semaine, a d\u00e9but\u00e9 d\u00e8s lundi matin: cette d\u00e9cision m\u00e9dicale a provoqu\u00e9 la col\u00e8re de ses parents, qui esp\u00e8rent encore que de nouveaux recours judiciaires stoppent \u00ab cette folie \u00bb. C\u2019est dans un mail adress\u00e9 \u00e0 la famille que Vincent Sanchez, chef du service [&hellip;]<\/p>\n","protected":false},"author":1775,"featured_media":0,"comment_status":"closed","ping_status":"closed","sticky":false,"template":"","format":"standard","meta":{"fifu_image_url":"","fifu_image_alt":"","footnotes":""},"categories":[78,55],"tags":[],"class_list":["post-35362","post","type-post","status-publish","format-standard","hentry","category-economie","category-tunisie"],"_links":{"self":[{"href":"https:\/\/linitiative.ca\/International\/wp-json\/wp\/v2\/posts\/35362","targetHints":{"allow":["GET"]}}],"collection":[{"href":"https:\/\/linitiative.ca\/International\/wp-json\/wp\/v2\/posts"}],"about":[{"href":"https:\/\/linitiative.ca\/International\/wp-json\/wp\/v2\/types\/post"}],"author":[{"embeddable":true,"href":"https:\/\/linitiative.ca\/International\/wp-json\/wp\/v2\/users\/1775"}],"replies":[{"embeddable":true,"href":"https:\/\/linitiative.ca\/International\/wp-json\/wp\/v2\/comments?post=35362"}],"version-history":[{"count":0,"href":"https:\/\/linitiative.ca\/International\/wp-json\/wp\/v2\/posts\/35362\/revisions"}],"wp:attachment":[{"href":"https:\/\/linitiative.ca\/International\/wp-json\/wp\/v2\/media?parent=35362"}],"wp:term":[{"taxonomy":"category","embeddable":true,"href":"https:\/\/linitiative.ca\/International\/wp-json\/wp\/v2\/categories?post=35362"},{"taxonomy":"post_tag","embeddable":true,"href":"https:\/\/linitiative.ca\/International\/wp-json\/wp\/v2\/tags?post=35362"}],"curies":[{"name":"wp","href":"https:\/\/api.w.org\/{rel}","templated":true}]}}