{"id":35365,"date":"2019-05-20T13:04:02","date_gmt":"2019-05-20T17:04:02","guid":{"rendered":"https:\/\/linitiative.ca\/International\/blida-le-palais-aziza-en-passe-de-retrouver-son-lustre-dantan\/"},"modified":"2019-05-20T13:04:02","modified_gmt":"2019-05-20T17:04:02","slug":"blida-le-palais-aziza-en-passe-de-retrouver-son-lustre-dantan","status":"publish","type":"post","link":"https:\/\/linitiative.ca\/International\/blida-le-palais-aziza-en-passe-de-retrouver-son-lustre-dantan\/","title":{"rendered":"Blida: le palais Aziza en passe de retrouver son lustre d\u2019antan"},"content":{"rendered":"<div>\n<div class=\"K2FeedImage\"><img decoding=\"async\" src=\"http:\/\/www.aps.dz\/media\/k2\/items\/cache\/5d170463d42af3d8229d74c9c22d8408_S.jpg\" alt=\"Blida: le palais Aziza en passe de retrouver son lustre d\u2019antan\"><\/div>\n<div class=\"K2FeedIntroText\">\n<p><strong>BLIDA &#8211; Le palais Aziza de Beni Tamou (Blida) devrait retrouver son lustre d\u2019antan avant la fin de l\u2019ann\u00e9e en cours, suite \u00e0 la programmation d\u2019une op\u00e9ration de relogement au profit des familles l\u2019occupant actuellement, pour sa transformation en mus\u00e9e.<\/strong><\/p>\n<\/div>\n<div class=\"K2FeedFullText\">\n<p>Une fois ce monument historique, unique du genre dans la r\u00e9gion, \u00ab\u00a0restitu\u00e9\u00a0\u00bb, la commune d\u00e9sh\u00e9rit\u00e9e de Beni Tamou sera promue en une destination culturelle touristique de choix pour tous les amoureux de l\u2019histoire des diff\u00e9rentes wilayas du pays.<\/p>\n<p>\u00ab\u00a0Les familles, au nombre de neuf, r\u00e9sidant depuis 1962 au palais Aziza seront relog\u00e9es avant la fin de l\u2019ann\u00e9e en cours, en vue de la transformation de la b\u00e2tisse en mus\u00e9e, apr\u00e8s restitution de son cachet originel islamique\u00a0\u00bb, a annonc\u00e9 \u00e0 l\u2019APS le secr\u00e9taire g\u00e9n\u00e9ral de la commune de Beni Tamou, Mohamed Hadj Amar, pr\u00e9cisant que ces familles ont \u00e9t\u00e9 programm\u00e9es pour faire partie des b\u00e9n\u00e9ficiaires d\u2019un projet de 150 logements destin\u00e9s \u00e0 l&rsquo;\u00e9radication de l\u2019habitat pr\u00e9caire, actuellement en cours de concr\u00e9tisation, \u00e0 la cit\u00e9 \u00ab\u00a0Zouani \u00a0\u00bb de Beni Tamou.<\/p>\n<p>\u00ab\u00a0Le projet sera r\u00e9ceptionn\u00e9 en septembre prochain, ou au plus tard avant la fin de l\u2019ann\u00e9e\u00a0\u00bb, a-t-il assur\u00e9.<\/p>\n<p>Mohamed Hadj Amar a justifi\u00e9 le retard mis dans le relogement de ces familles par le fait que ces derni\u00e8res ont toujours refus\u00e9 les propositions, en la mati\u00e8re, qui leur ont \u00e9t\u00e9 faites par les autorit\u00e9s locales, la derni\u00e8re en date \u00e9tant une op\u00e9ration de relogement en 2016, dont des d\u00e9cisions d\u2019affectation leur ont \u00e9t\u00e9 destin\u00e9es avant d\u2019\u00eatre annul\u00e9es car, a-t-il soulign\u00e9, \u00ab\u00a0ils avaient refus\u00e9 leur relogement, en exprimant leur souhait de demeurer dans la commune de Beni Tamou\u00a0\u00bb.<\/p>\n<p>\u00ab\u00a0Cette dol\u00e9ance a \u00e9t\u00e9 prise en consid\u00e9ration, car il s\u2019agit de familles alg\u00e9riennes, qui de plus rel\u00e8vent de familles de chouhadas et de moudjahidines, dont les parents ont beaucoup donn\u00e9 pour l\u2019ind\u00e9pendance de l\u2019Alg\u00e9rie, mais qui au lendemain de l\u2019ind\u00e9pendance n\u2019ont pas trouv\u00e9 d\u2019autre lieu o\u00f9 loger, que le palais Aziza\u00a0\u00bb, a encore expliqu\u00e9 Hadj Amar.<\/p>\n<hr>\n<h3>Lire aussi:\u00a0<a href=\"http:\/\/www.aps.dz\/regions\/70380-presence-ottomane-a-blida-monuments-historiques-emblematiques-et-legs-oral-toujours-vivant\" target=\"_blank\" rel=\"noopener noreferrer\">Pr\u00e9sence ottomane \u00e0 Blida: monuments historiques embl\u00e9matiques et legs oral toujours vivant<\/a><\/h3>\n<hr>\n<p>Il a estim\u00e9 que l\u2019\u00e9vacuation du palais Aziza interviendra \u00ab\u00a0avant fin 2019, si le plan de travail fix\u00e9 est respect\u00e9\u00a0\u00bb.<\/p>\n<p>Une enveloppe de 750 millions de DA avait \u00e9t\u00e9 affect\u00e9e, en 2016, \u00e0 la restauration de la b\u00e2tisse, mais la pr\u00e9sence de ces familles constituait une entrave au projet, a-t-il soulign\u00e9, car les travaux de restauration pr\u00e9sentent un risque d\u2019effondrement, est-il signal\u00e9 de m\u00eame source.<\/p>\n<p>Interrog\u00e9 sur le projet de transformation du palais Aziza en mus\u00e9e, Mohamed Hadj Amar a indiqu\u00e9 que la commune n\u2019a \u00ab\u00a0aucune information sur le sujet\u00a0\u00bb, mais si le projet venait \u00e0 \u00eatre concr\u00e9tis\u00e9, il \u00ab\u00a0constituerait une source de revenues non n\u00e9gligeable pour la localit\u00e9\u00a0\u00bb, a-t-il observ\u00e9.<\/p>\n<p>Une fois les familles r\u00e9sidant au palais Aziza \u00e9vacu\u00e9es, l\u2019\u00e9difice b\u00e9n\u00e9ficiera, selon le directeur de la Culture de la wilaya, Lhadj Meshoub, d\u2019une op\u00e9ration de restauration visant l\u2019\u00e9limination de toutes les modifications apport\u00e9es par les habitants en son sein (notamment de nouvelles pi\u00e8ces, et des escaliers) et la restitution du cachet originel de ce monument historique, dont chaque recoin a \u00e9t\u00e9 t\u00e9moin de la vie fastueuse de la fille aim\u00e9e du Dey Hussein.<\/p>\n<p>Outre la transformation de la b\u00e2tisse, une fois restaur\u00e9e, en un mus\u00e9e public, le responsable a fait part d\u2019une d\u00e9cision d\u2019exploitation de l\u2019assiette y attenante pour en faire un jardin englobant toutes les commodit\u00e9s n\u00e9cessaires susceptibles de relever son attractivit\u00e9 aupr\u00e8s des familles notamment.<\/p>\n<p>M. Meshoub n\u2019a pas manqu\u00e9, en outre, de souligner l\u2019importante contribution attendue de ce projet de mus\u00e9e dans \u00ab\u00a0la promotion de la commune de Beni Tamou en un p\u00f4le touristique et culturel pour les visiteurs nationaux et \u00e9trangers\u00a0\u00bb.<\/p>\n<p>\u00a0<\/p>\n<p style=\"text-align: center;\"><strong>Le palais Aziza: d\u2019un palais \u00ab\u00a0royal\u00a0\u00bb \u00e0 un vieil immeuble collectif<\/strong><\/p>\n<p>\u00a0<\/p>\n<p>Une tourn\u00e9e de l\u2019APS sur les lieux a permis de faire le constat de l\u2019extr\u00eame \u00e9tat de d\u00e9gradation du palais Aziza, \u00e0 commencer par son portail compl\u00e8tement d\u00e9t\u00e9rior\u00e9, ne cachant plus rien de la b\u00e2tisse d\u00e9sormais transform\u00e9e en un vieil immeuble collectif , avec de nombreuses pi\u00e8ces et des murs de s\u00e9paration ajout\u00e9s dans la cour, au fil du temps et de l\u2019accroissement du nombre des familles y habitant.<\/p>\n<p>Quant aux toitures et murs ext\u00e9rieurs du palais, ils sont dans un \u00e9tat de d\u00e9labrement tel qu\u2019ils menacent ruine \u00e0 tout moment.<\/p>\n<p>\u00ab\u00a0Je suis n\u00e9 et j\u2019ai grandi dans cette b\u00e2tisse, que j\u2019ai toujours refus\u00e9 de quitter, mais aujourd\u2019hui force est de constater que sa d\u00e9gradation avanc\u00e9e me rend impatiente d&rsquo;\u00e9vacuer dans les plus brefs d\u00e9lais\u00a0\u00bb, a confi\u00e9 une habitant du Ksar.<\/p>\n<p>Lui emboitant le pas, sa voisine estime que si le palais \u00ab\u00a0pr\u00e9sentait le seul refuge pour sa famille au lendemain de l\u2019ind\u00e9pendance, vu que les familles y r\u00e9sidantes \u00e9taient peu nombreuses, la situation a chang\u00e9 avec le temps, car les enfants ont grandi et ont construit leur propres familles, au point que la b\u00e2tisse est devenue trop exig\u00fce\u00a0\u00bb, a-t-elle d\u00e9plor\u00e9.<\/p>\n<hr>\n<h3>Lire aussi:\u00a0<a href=\"http:\/\/www.aps.dz\/regions\/89455-blida-relogement-avant-la-fin-de-l-annee-des-familles-residantes-au-palais-aziza\" target=\"_blank\" rel=\"noopener noreferrer\">Blida: relogement avant la fin de l\u2019ann\u00e9e des familles r\u00e9sidantes au palais Aziza<\/a><\/h3>\n<hr>\n<p>Intervenant, \u00e0 son tour, un jeune homme lui coupe la parole pour lancer un appel aux autorit\u00e9s locales en vue de \u00ab\u00a0leur \u00e9vacuation de cette b\u00e2tisse historique, dans les plus brefs d\u00e9lais\u00a0\u00bb.<\/p>\n<p>Il a notamment d\u00e9plor\u00e9 le fait que les promesses des responsables locaux soient demeur\u00e9es \u00ab\u00a0lettres mortes, en d\u00e9pit de la gravite de notre situation\u00a0\u00bb, a-t-il estim\u00e9.<\/p>\n<p>Le palais Aziza remonte \u00e0 l\u2019\u00e9poque de la pr\u00e9sence Ottomane en Alg\u00e9rie, pr\u00e9cis\u00e9ment \u00e0 l\u2019ann\u00e9e 1797, quand le Dey Hussein avait construit deux palais \u00e0 sa fille Aziza, suite \u00e0 son mariage avec le Bey de Constantine, le 1er \u00e0 la Casbah d\u2019Alger et le second \u00e0 Beni Tamou.<\/p>\n<p>Tomb\u00e9e amoureuse du palais de Beni Tamou, la fille du Dey y passa une grande partie de sa vie, car elle appr\u00e9ciait particuli\u00e8rement le climat doux de la r\u00e9gion et ses beaux paysages offrant une vue imprenable sur les monts de Chr\u00e9a.<\/p>\n<p>La b\u00e2tisse avait \u00e9t\u00e9 exploit\u00e9e au d\u00e9but du colonialisme fran\u00e7ais, en tant que prison, avant sa transformation en caserne militaire, puis en r\u00e9sidence du parachutiste Lagarde jusqu\u2019en 1962.<\/p>\n<\/div>\n<\/div>\n<p>Auteur:<br \/>\n<a href=\"http:\/\/www.aps.dz\/culture\/89599-blida-le-palais-aziza-en-passe-de-retrouver-son-lustre-d-antan\">Cliquez ici pour lire l&rsquo;article depuis sa source.<\/a><\/p>\n","protected":false},"excerpt":{"rendered":"<p>BLIDA &#8211; Le palais Aziza de Beni Tamou (Blida) devrait retrouver son lustre d\u2019antan avant la fin de l\u2019ann\u00e9e en cours, suite \u00e0 la programmation d\u2019une op\u00e9ration de relogement au profit des familles l\u2019occupant actuellement, pour sa transformation en mus\u00e9e. Une fois ce monument historique, unique du genre dans la r\u00e9gion, \u00ab\u00a0restitu\u00e9\u00a0\u00bb, la commune d\u00e9sh\u00e9rit\u00e9e [&hellip;]<\/p>\n","protected":false},"author":1790,"featured_media":35366,"comment_status":"closed","ping_status":"closed","sticky":false,"template":"","format":"standard","meta":{"fifu_image_url":"","fifu_image_alt":"","footnotes":""},"categories":[53,79],"tags":[],"class_list":["post-35365","post","type-post","status-publish","format-standard","has-post-thumbnail","hentry","category-algerie","category-culture"],"_links":{"self":[{"href":"https:\/\/linitiative.ca\/International\/wp-json\/wp\/v2\/posts\/35365","targetHints":{"allow":["GET"]}}],"collection":[{"href":"https:\/\/linitiative.ca\/International\/wp-json\/wp\/v2\/posts"}],"about":[{"href":"https:\/\/linitiative.ca\/International\/wp-json\/wp\/v2\/types\/post"}],"author":[{"embeddable":true,"href":"https:\/\/linitiative.ca\/International\/wp-json\/wp\/v2\/users\/1790"}],"replies":[{"embeddable":true,"href":"https:\/\/linitiative.ca\/International\/wp-json\/wp\/v2\/comments?post=35365"}],"version-history":[{"count":0,"href":"https:\/\/linitiative.ca\/International\/wp-json\/wp\/v2\/posts\/35365\/revisions"}],"wp:featuredmedia":[{"embeddable":true,"href":"https:\/\/linitiative.ca\/International\/wp-json\/"}],"wp:attachment":[{"href":"https:\/\/linitiative.ca\/International\/wp-json\/wp\/v2\/media?parent=35365"}],"wp:term":[{"taxonomy":"category","embeddable":true,"href":"https:\/\/linitiative.ca\/International\/wp-json\/wp\/v2\/categories?post=35365"},{"taxonomy":"post_tag","embeddable":true,"href":"https:\/\/linitiative.ca\/International\/wp-json\/wp\/v2\/tags?post=35365"}],"curies":[{"name":"wp","href":"https:\/\/api.w.org\/{rel}","templated":true}]}}