{"id":35367,"date":"2019-05-20T13:04:03","date_gmt":"2019-05-20T17:04:03","guid":{"rendered":"https:\/\/linitiative.ca\/International\/stage-pour-70-nouveaux-enseignants-du-tamazight-juillet-prochain-a-alger\/"},"modified":"2019-05-20T13:04:03","modified_gmt":"2019-05-20T17:04:03","slug":"stage-pour-70-nouveaux-enseignants-du-tamazight-juillet-prochain-a-alger","status":"publish","type":"post","link":"https:\/\/linitiative.ca\/International\/stage-pour-70-nouveaux-enseignants-du-tamazight-juillet-prochain-a-alger\/","title":{"rendered":"Stage pour 70 nouveaux enseignants du tamazight juillet prochain \u00e0 Alger"},"content":{"rendered":"<div>\n<div class=\"K2FeedImage\"><img decoding=\"async\" src=\"http:\/\/www.aps.dz\/media\/k2\/items\/cache\/364cfa28a0c7c0b49b7fa6c70533afad_S.jpg\" alt=\"Stage pour 70 nouveaux enseignants du tamazight juillet prochain \u00e0 Alger\"><\/div>\n<div class=\"K2FeedIntroText\">\n<p><strong>BATNA &#8211; Un stage de formation au profit de 70 nouveaux enseignants de la langue amazighe des wilayas du Centre aura lieu du 10 au 14 juillet \u00e0 Alger, a indiqu\u00e9 \u00e0 Batna le secr\u00e9taire g\u00e9n\u00e9ral du Haut-commissariat \u00e0 l\u2019amazighit\u00e9, Si Hicham Assad.<\/strong><\/p>\n<\/div>\n<div class=\"K2FeedFullText\">\n<p>Le stage ax\u00e9 sur la didactique de la langue amazighe et certains probl\u00e8mes rencontr\u00e9s sur le terrain sera encadr\u00e9 par des universitaires et cadres du HCA, a pr\u00e9cis\u00e9 samedi soir, Si Hicham Assad en marge de la pr\u00e9sentation au th\u00e9\u00e2tre r\u00e9gional de Batna de la pi\u00e8ce Tidak na fa\u00a0\u00bb (les v\u00e9rit\u00e9s de Na Fatma) de la troupe \u00ab\u00a0th\u00e9\u00e2tre du renouveau amazigh\u00a0\u00bb.\u00a0\u00a0<\/p>\n<p>Le stage co\u00efncidera avec la sortie de la premi\u00e8re promotion de 40 enseignants de la langue amazighe pour le primaire de l\u2019Ecole normale sup\u00e9rieure de Bouzareah (Alger) et vise \u00e0 les familiariser avec des \u00e9l\u00e9ments de didactique pratique, selon la m\u00eame source qui a rappel\u00e9 qu\u2019en 2018, un stage similaire a \u00e9t\u00e9 organis\u00e9 \u00e0 Ain Temouchent au profit de 270 enseignants du tamazight des wilayas de l\u2019Ouest.<\/p>\n<hr>\n<p><em><strong>Lire aussi:\u00a0<a href=\"http:\/\/www.aps.dz\/culture\/89393-deces-d-abdelhafid-idres-auteur-du-grand-dictionnaire-francais-tamazight\">D\u00e9c\u00e8s d&rsquo;Abdelhafid Idres, auteur du \u00ab\u00a0Grand dictionnaire Fran\u00e7ais-T<span class=\"highlight\">amazigh<\/span>t\u00a0\u00bb<\/a><\/strong><\/em><\/p>\n<hr>\n<p>Un autre stage pour 100 enseignants du tamazight dans les wilayas de l\u2019Est est pr\u00e9vu \u00e0 Batna \u00e0 la prochaine rentr\u00e9e dans le cadre de la formation continue assur\u00e9e par le HCA et qui a port\u00e9 sur l\u2019organisation de 34 stages, a-t-il d\u00e9clar\u00e9.<\/p>\n<p>Il est devenu n\u00e9cessaire d\u2019orienter les efforts du HCA et du minist\u00e8re de l\u2019Education Nationale pour accompagner les enseignants de la langue amazighe dans le nombre atteint actuellement 3.097 \u00e0 l\u2019\u00e9chelle nationale dont 300 form\u00e9s en 2018, a pr\u00e9cis\u00e9 M. Assad qui a insist\u00e9 sur la r\u00e9activation de la commission commune entre le HCA et le minist\u00e8re de l\u2019Education dans la suite de la dynamique nationale de l\u2019enseignement de langue amazighe observ\u00e9e ces derni\u00e8res ann\u00e9es.<\/p>\n<p>Le responsable du HCA a ajout\u00e9 que l\u2019accompagnement assur\u00e9 par le HCA \u00e0 la troupe du \u00ab\u00a0th\u00e9\u00e2tre du renouveau amazigh\u00a0\u00bb est une opportunit\u00e9 pour la troupe install\u00e9e \u00e0 l\u2019\u00e9tranger pour pr\u00e9senter son \u0153uvre \u00e0 l\u2019int\u00e9rieur du pays, \u00e9changer avec les troupes et associations locales et contribuer \u00e0 la promotion de la litt\u00e9rature et du th\u00e9\u00e2tre d\u2019expression amazighe.<\/p>\n<\/div>\n<\/div>\n<p>Auteur:<br \/>\n<a href=\"http:\/\/www.aps.dz\/culture\/89602-stage-pour-70-nouveaux-enseignants-du-tamazight-juillet-prochain-a-alger\">Cliquez ici pour lire l&rsquo;article depuis sa source.<\/a><\/p>\n","protected":false},"excerpt":{"rendered":"<p>BATNA &#8211; Un stage de formation au profit de 70 nouveaux enseignants de la langue amazighe des wilayas du Centre aura lieu du 10 au 14 juillet \u00e0 Alger, a indiqu\u00e9 \u00e0 Batna le secr\u00e9taire g\u00e9n\u00e9ral du Haut-commissariat \u00e0 l\u2019amazighit\u00e9, Si Hicham Assad. Le stage ax\u00e9 sur la didactique de la langue amazighe et certains [&hellip;]<\/p>\n","protected":false},"author":1790,"featured_media":35368,"comment_status":"closed","ping_status":"closed","sticky":false,"template":"","format":"standard","meta":{"fifu_image_url":"","fifu_image_alt":"","footnotes":""},"categories":[53,79],"tags":[],"class_list":["post-35367","post","type-post","status-publish","format-standard","has-post-thumbnail","hentry","category-algerie","category-culture"],"_links":{"self":[{"href":"https:\/\/linitiative.ca\/International\/wp-json\/wp\/v2\/posts\/35367","targetHints":{"allow":["GET"]}}],"collection":[{"href":"https:\/\/linitiative.ca\/International\/wp-json\/wp\/v2\/posts"}],"about":[{"href":"https:\/\/linitiative.ca\/International\/wp-json\/wp\/v2\/types\/post"}],"author":[{"embeddable":true,"href":"https:\/\/linitiative.ca\/International\/wp-json\/wp\/v2\/users\/1790"}],"replies":[{"embeddable":true,"href":"https:\/\/linitiative.ca\/International\/wp-json\/wp\/v2\/comments?post=35367"}],"version-history":[{"count":0,"href":"https:\/\/linitiative.ca\/International\/wp-json\/wp\/v2\/posts\/35367\/revisions"}],"wp:featuredmedia":[{"embeddable":true,"href":"https:\/\/linitiative.ca\/International\/wp-json\/"}],"wp:attachment":[{"href":"https:\/\/linitiative.ca\/International\/wp-json\/wp\/v2\/media?parent=35367"}],"wp:term":[{"taxonomy":"category","embeddable":true,"href":"https:\/\/linitiative.ca\/International\/wp-json\/wp\/v2\/categories?post=35367"},{"taxonomy":"post_tag","embeddable":true,"href":"https:\/\/linitiative.ca\/International\/wp-json\/wp\/v2\/tags?post=35367"}],"curies":[{"name":"wp","href":"https:\/\/api.w.org\/{rel}","templated":true}]}}