{"id":35373,"date":"2019-05-20T13:04:05","date_gmt":"2019-05-20T17:04:05","guid":{"rendered":"https:\/\/linitiative.ca\/International\/les-roses-reviennent-au-jardin-archeologique-mostefa-seridi-de-guelma\/"},"modified":"2019-05-20T13:04:05","modified_gmt":"2019-05-20T17:04:05","slug":"les-roses-reviennent-au-jardin-archeologique-mostefa-seridi-de-guelma","status":"publish","type":"post","link":"https:\/\/linitiative.ca\/International\/les-roses-reviennent-au-jardin-archeologique-mostefa-seridi-de-guelma\/","title":{"rendered":"Les roses reviennent au jardin arch\u00e9ologique Mostefa Seridi de Guelma"},"content":{"rendered":"<div>\n<div class=\"K2FeedImage\"><img decoding=\"async\" src=\"http:\/\/www.aps.dz\/media\/k2\/items\/cache\/af7d2f3878694984784291d9610065bf_S.jpg\" alt=\"Les roses reviennent au jardin arch\u00e9ologique Mostefa Seridi de Guelma\"><\/div>\n<div class=\"K2FeedIntroText\">\n<p><strong>GUELMA &#8211; Le jardin Mostefa Seridi anciennement connu par le jardin arch\u00e9ologique du centre-ville de Guelma, objet depuis trois ans d\u2019une op\u00e9ration de r\u00e9am\u00e9nagement, semble avoir recouvr\u00e9 sa bonne mine et la splendeur de ses roses et fleurs vives et joyeuses visibles du dehors de sa cl\u00f4ture dont l\u2019ouverture n\u2019attend que la r\u00e9ception du projet.<\/strong><\/p>\n<\/div>\n<div class=\"K2FeedFullText\">\n<p>Depuis deux jours, l\u2019entreprise en charge de l\u2019am\u00e9nagement et les services communaux ont mis en service les lampadaires \u00e9clairant les couloirs, plantes et vestiges arch\u00e9ologiques de cet espace vert, cr\u00e9\u00e9 au milieu du 19\u00e8me si\u00e8cle et transform\u00e9 en 1904 en mus\u00e9e \u00e0 ciel ouvert \u00e0 l\u2019initiative de l\u2019arch\u00e9ologue Charles Albert Joly qui fut alors maire adjoint de la commune de Guelma et qui y rassembla les vestiges arch\u00e9ologiques des sites de Khemissa, Madaure et Thibilis.<\/p>\n<p>Les travaux de r\u00e9am\u00e9nagement du jardin Mostefa Seridi dont l\u2019ouverture au public est pr\u00e9vue prochainement ont permis de r\u00e9organiser les carr\u00e9s d\u2019espaces verts plant\u00e9s de fleurs et roses de couleurs multiples disparues du jardin lors des longues ann\u00e9es d\u2019abandon. Le gazon naturel a reconquis ses traditionnelles aires au pied des majestueux arbres. Des bancs ont \u00e9t\u00e9 install\u00e9s le long des couloirs et all\u00e9es du jardin joliment pav\u00e9.<\/p>\n<hr>\n<p><em><strong>Lire aussi:\u00a0<\/strong><\/em><a href=\"http:\/\/www.aps.dz\/regions\/89597-batna-la-dechra-de-menaa-un-village-millenaire-en-peril\">Batna: la dechra de Men\u00e2a, un village mill\u00e9naire en p\u00e9ril<\/a><\/p>\n<hr>\n<p>Cette requalification est venue en r\u00e9ponse aux appels nombreux lanc\u00e9s par les habitants de la ville qui voient dans \u00ab\u00a0le square\u00a0\u00bb ainsi qu\u2019ils le d\u00e9signent habituellement un important patrimoine mat\u00e9riel de la cit\u00e9 et un t\u00e9moin des civilisations successives de l\u2019histoire de la wilaya avec des vestiges apport\u00e9s des quatre coins de Guelma avant d\u2019\u00eatre transf\u00e9r\u00e9 en 2003 vers un nouveau jardin cr\u00e9\u00e9 \u00e0 proximit\u00e9 du th\u00e9\u00e2tre romain et baptis\u00e9 jardin arch\u00e9ologique.<\/p>\n<p>Les habitants de Calama attendent aujourd\u2019hui avec impatience la r\u00e9ouverture de cet espace de d\u00e9tente o\u00f9 ils \u00e9coulaient notamment durant la belle saison des heures \u00e0 l\u2019ombre de ses imposants arbres peupl\u00e9s de passereaux au gazouillement interminable.<\/p>\n<p>Les visiteurs de la cit\u00e9 s\u2019arrachaient aussi des moments pour reposer au sein de ce petit paradis verdoyant apr\u00e8s avoir termin\u00e9 leurs courses et obligations.<\/p>\n<p>\u00a0<\/p>\n<p style=\"text-align: center;\"><span style=\"font-size: 14pt;\"><strong>Palmier cycas, avocatier et kiwi, de vieux arbres du jardin<\/strong><\/span><\/p>\n<p>Pour nombre de guelmis approch\u00e9s par l\u2019APS, le jardin Mostefa-Seridi est \u00ab\u00a0un mod\u00e8le r\u00e9duit\u00a0\u00bb du jardin botanique de Hamma avec pas moins de 300 esp\u00e8ces floristiques. Pour Hamza Toua\u00efmia, sp\u00e9cialiste en jardinage et agriculture du CFPA Ahmed Benmar\u00e8s, les plus remarquables v\u00e9g\u00e9taux du jardin sont ses trois palmiers nains cycas, l\u2019avocatier qui se trouve en plein milieu du jardin et le kiwi qui se trouve \u00e0 c\u00f4t\u00e9 du mur de cl\u00f4ture du lyc\u00e9e \u00ab\u00a01er novembre 1954\u00a0\u00bb.<\/p>\n<p>Selon la direction de l\u2019environnement, la wilaya de Guelma a particip\u00e9 \u00e0 la premi\u00e8re \u00e9dition du prix de la ville verte du pr\u00e9sident de la R\u00e9publique en pr\u00e9sentant deux jardins en l\u2019occurrence celui des fr\u00e8res Boualmekh en face du si\u00e8ge de la wilaya et celui de Mostefa-Seridi.<\/p>\n<p>Le jardin Mostefa-Seridi s\u2019\u00e9tendant sur 9.071 m\u00e8tres carr\u00e9s se distingue surtout par ses multiples arbres d\u2019eucalyptus, de figuiers, de pins d\u2019Alep, de coings de Bengale et d\u2019ormes ainsi que par ses rosiers.<\/p>\n<p>Jusqu\u2019en 1986, cet espace vert \u00e9tait un jardin communal soigneusement entretenu et cl\u00f4tur\u00e9 que l\u2019on fermait et ouvrait \u00e0 un horaire fix\u00e9 et qui renfermait de dizaines de statues et de pi\u00e8ces arch\u00e9ologiques, se souvient avec nostalgie, Abdelhamid, retrait\u00e9.<\/p>\n<hr>\n<p><em><strong>Lire aussi:\u00a0<\/strong><\/em><a href=\"http:\/\/www.aps.dz\/culture\/89599-blida-le-palais-aziza-en-passe-de-retrouver-son-lustre-d-antan\">Blida: le palais Aziza en passe de retrouver son lustre d\u2019antan<\/a><\/p>\n<hr>\n<p>Le visiteur du jardin Mostefa-Seridi ne trouve actuellement que deux pi\u00e8ces arch\u00e9ologiques qu\u2019il \u00e9tait impossible de transf\u00e9rer vers le jardin arch\u00e9ologique de Calama. Il s\u2019agit au tombeau que gardait jadis l\u2019imposante statue de Jupiter d\u00e9plac\u00e9e vers le th\u00e9\u00e2tre romain et la rang\u00e9e de colonnes avec 7 \u00e9pigraphes fun\u00e9raires.<\/p>\n<p>Ce jardin contenait par le pass\u00e9 plus de 200 pi\u00e8ces arch\u00e9ologiques romaines pour la plupart mais aussi libyques et puniques, selon des sp\u00e9cialistes en arch\u00e9ologie qui cite des plaques fun\u00e9raires, des inscriptions honorifiques d\u2019empereurs et de dignitaires, des \u00e9l\u00e9ments d\u00e9coratifs englobant des colonnes, des st\u00e8les, et des statues romaines.<\/p>\n<p>Contraint \u00e0 c\u00e9der cette richesse arch\u00e9ologique \u00e0 une structure plus s\u00e9curis\u00e9e, le jardin Mostefa-Seridi peut toutefois consolider sa position en valorisant sa richesse botanique et en diversifiant sa \u00ab\u00a0collection\u00a0\u00bb d\u2019esp\u00e8ces v\u00e9g\u00e9tales exotiques, assurent les sp\u00e9cialistes.<\/p>\n<\/div>\n<\/div>\n<p>Auteur:<br \/>\n<a href=\"http:\/\/www.aps.dz\/culture\/89649-les-roses-reviennent-au-jardin-archeologique-mostefa-seridi-de-guelma\">Cliquez ici pour lire l&rsquo;article depuis sa source.<\/a><\/p>\n","protected":false},"excerpt":{"rendered":"<p>GUELMA &#8211; Le jardin Mostefa Seridi anciennement connu par le jardin arch\u00e9ologique du centre-ville de Guelma, objet depuis trois ans d\u2019une op\u00e9ration de r\u00e9am\u00e9nagement, semble avoir recouvr\u00e9 sa bonne mine et la splendeur de ses roses et fleurs vives et joyeuses visibles du dehors de sa cl\u00f4ture dont l\u2019ouverture n\u2019attend que la r\u00e9ception du projet. [&hellip;]<\/p>\n","protected":false},"author":1790,"featured_media":35374,"comment_status":"closed","ping_status":"closed","sticky":false,"template":"","format":"standard","meta":{"fifu_image_url":"","fifu_image_alt":"","footnotes":""},"categories":[53,79],"tags":[],"class_list":["post-35373","post","type-post","status-publish","format-standard","has-post-thumbnail","hentry","category-algerie","category-culture"],"_links":{"self":[{"href":"https:\/\/linitiative.ca\/International\/wp-json\/wp\/v2\/posts\/35373","targetHints":{"allow":["GET"]}}],"collection":[{"href":"https:\/\/linitiative.ca\/International\/wp-json\/wp\/v2\/posts"}],"about":[{"href":"https:\/\/linitiative.ca\/International\/wp-json\/wp\/v2\/types\/post"}],"author":[{"embeddable":true,"href":"https:\/\/linitiative.ca\/International\/wp-json\/wp\/v2\/users\/1790"}],"replies":[{"embeddable":true,"href":"https:\/\/linitiative.ca\/International\/wp-json\/wp\/v2\/comments?post=35373"}],"version-history":[{"count":0,"href":"https:\/\/linitiative.ca\/International\/wp-json\/wp\/v2\/posts\/35373\/revisions"}],"wp:featuredmedia":[{"embeddable":true,"href":"https:\/\/linitiative.ca\/International\/wp-json\/"}],"wp:attachment":[{"href":"https:\/\/linitiative.ca\/International\/wp-json\/wp\/v2\/media?parent=35373"}],"wp:term":[{"taxonomy":"category","embeddable":true,"href":"https:\/\/linitiative.ca\/International\/wp-json\/wp\/v2\/categories?post=35373"},{"taxonomy":"post_tag","embeddable":true,"href":"https:\/\/linitiative.ca\/International\/wp-json\/wp\/v2\/tags?post=35373"}],"curies":[{"name":"wp","href":"https:\/\/api.w.org\/{rel}","templated":true}]}}